{"id":5745,"date":"2017-05-31T19:37:38","date_gmt":"2017-05-31T18:37:38","guid":{"rendered":"http:\/\/www.aphyllanthe.fr\/association\/?p=5745"},"modified":"2017-05-31T21:38:03","modified_gmt":"2017-05-31T20:38:03","slug":"le-theatre-en-plein-air","status":"publish","type":"post","link":"https:\/\/www.aphyllanthe.fr\/association\/le-theatre-en-plein-air\/","title":{"rendered":"Le th\u00e9\u00e2tre en plein air"},"content":{"rendered":"<p><figure id=\"attachment_5749\" aria-describedby=\"caption-attachment-5749\" style=\"width: 300px\" class=\"wp-caption alignleft\"><a href=\"http:\/\/www.aphyllanthe.fr\/association\/wp-content\/uploads\/2017\/05\/DSC07542.jpg\"><img loading=\"lazy\" decoding=\"async\" src=\"http:\/\/www.aphyllanthe.fr\/association\/wp-content\/uploads\/2017\/05\/DSC07542-300x200.jpg\" alt=\"les coulisses\" width=\"300\" height=\"200\" class=\"size-medium wp-image-5749\" srcset=\"https:\/\/www.aphyllanthe.fr\/association\/wp-content\/uploads\/2017\/05\/DSC07542-300x200.jpg 300w, https:\/\/www.aphyllanthe.fr\/association\/wp-content\/uploads\/2017\/05\/DSC07542-768x512.jpg 768w, https:\/\/www.aphyllanthe.fr\/association\/wp-content\/uploads\/2017\/05\/DSC07542-1024x683.jpg 1024w, https:\/\/www.aphyllanthe.fr\/association\/wp-content\/uploads\/2017\/05\/DSC07542-600x400.jpg 600w, https:\/\/www.aphyllanthe.fr\/association\/wp-content\/uploads\/2017\/05\/DSC07542.jpg 1620w\" sizes=\"auto, (max-width: 300px) 100vw, 300px\" \/><\/a><figcaption id=\"caption-attachment-5749\" class=\"wp-caption-text\">les coulisses<\/figcaption><\/figure>Dimanche 28 mai, lors de la f\u00eate du jardin de l&rsquo;Aphyllanthe, Patricia, animatrice de l&rsquo;atelier th\u00e9\u00e2tre de l&rsquo;Aphyllanthe et les enfants ont pr\u00e9sent\u00e9 2 pi\u00e8ces tr\u00e8s appr\u00e9ci\u00e9es par les parents, grand-parents et le public en g\u00e9n\u00e9ral. Nous avons d&rsquo;ailleurs compt\u00e9 plus de 75 spectateurs au plus fort de l&rsquo;\u00e9v\u00e9nement.  <!--more--><\/p>\n<p>Les plus jeunes ont pr\u00e9sent\u00e9 une com\u00e9die dont le titre est <strong>\u00ab\u00a0Au Pays des Ressorts et des Gnian-Gnian\u00a0\u00bb<\/strong>. Dans cette pi\u00e8ce la reine du Pays des Gnian-Gnian dirige un pays peupl\u00e9 de gens tr\u00e8s mous et tr\u00e8s lents. Un peu lasse, elle d\u00e9cide de prendre des vacances et de c\u00e9der son royaume au Roi des Ressorts qui, lui, dirige un pays peupl\u00e9 de gens tr\u00e8s actifs. Une fois sur place, le Roi est vite gagn\u00e9 par la paresse. Un mois s&rsquo;\u00e9coule et la Reine revient pleine d&rsquo;\u00e9nergie. Alors les r\u00f4les  s&rsquo;inversent&#8230;<\/p>\n<div id='gallery-1' class='gallery galleryid-5745 gallery-columns-3 gallery-size-medium'><figure class='gallery-item'>\n\t\t\t<div class='gallery-icon landscape'>\n\t\t\t\t<a href='https:\/\/www.aphyllanthe.fr\/association\/wp-content\/uploads\/2017\/05\/DSC07559.jpg'><img loading=\"lazy\" decoding=\"async\" width=\"300\" height=\"200\" src=\"https:\/\/www.aphyllanthe.fr\/association\/wp-content\/uploads\/2017\/05\/DSC07559-300x200.jpg\" class=\"attachment-medium size-medium\" alt=\"Patricia annonce le programme\" aria-describedby=\"gallery-1-5750\" srcset=\"https:\/\/www.aphyllanthe.fr\/association\/wp-content\/uploads\/2017\/05\/DSC07559-300x200.jpg 300w, https:\/\/www.aphyllanthe.fr\/association\/wp-content\/uploads\/2017\/05\/DSC07559-768x512.jpg 768w, https:\/\/www.aphyllanthe.fr\/association\/wp-content\/uploads\/2017\/05\/DSC07559-1024x683.jpg 1024w, https:\/\/www.aphyllanthe.fr\/association\/wp-content\/uploads\/2017\/05\/DSC07559-600x400.jpg 600w, https:\/\/www.aphyllanthe.fr\/association\/wp-content\/uploads\/2017\/05\/DSC07559.jpg 1620w\" sizes=\"auto, (max-width: 300px) 100vw, 300px\" \/><\/a>\n\t\t\t<\/div>\n\t\t\t\t<figcaption class='wp-caption-text gallery-caption' id='gallery-1-5750'>\n\t\t\t\tPatricia annonce le programme\n\t\t\t\t<\/figcaption><\/figure><figure class='gallery-item'>\n\t\t\t<div class='gallery-icon landscape'>\n\t\t\t\t<a href='https:\/\/www.aphyllanthe.fr\/association\/wp-content\/uploads\/2017\/05\/DSC07576.jpg'><img loading=\"lazy\" decoding=\"async\" width=\"300\" height=\"200\" src=\"https:\/\/www.aphyllanthe.fr\/association\/wp-content\/uploads\/2017\/05\/DSC07576-300x200.jpg\" class=\"attachment-medium size-medium\" alt=\"le pays des Gnian-Gnian\" aria-describedby=\"gallery-1-5751\" srcset=\"https:\/\/www.aphyllanthe.fr\/association\/wp-content\/uploads\/2017\/05\/DSC07576-300x200.jpg 300w, https:\/\/www.aphyllanthe.fr\/association\/wp-content\/uploads\/2017\/05\/DSC07576-768x512.jpg 768w, https:\/\/www.aphyllanthe.fr\/association\/wp-content\/uploads\/2017\/05\/DSC07576-1024x683.jpg 1024w, https:\/\/www.aphyllanthe.fr\/association\/wp-content\/uploads\/2017\/05\/DSC07576-600x400.jpg 600w, https:\/\/www.aphyllanthe.fr\/association\/wp-content\/uploads\/2017\/05\/DSC07576.jpg 1620w\" sizes=\"auto, (max-width: 300px) 100vw, 300px\" \/><\/a>\n\t\t\t<\/div>\n\t\t\t\t<figcaption class='wp-caption-text gallery-caption' id='gallery-1-5751'>\n\t\t\t\tle pays des Gnian-Gnian\n\t\t\t\t<\/figcaption><\/figure><figure class='gallery-item'>\n\t\t\t<div class='gallery-icon landscape'>\n\t\t\t\t<a href='https:\/\/www.aphyllanthe.fr\/association\/wp-content\/uploads\/2017\/05\/DSC07581.jpg'><img loading=\"lazy\" decoding=\"async\" width=\"300\" height=\"200\" src=\"https:\/\/www.aphyllanthe.fr\/association\/wp-content\/uploads\/2017\/05\/DSC07581-300x200.jpg\" class=\"attachment-medium size-medium\" alt=\"La Reine\" aria-describedby=\"gallery-1-5752\" srcset=\"https:\/\/www.aphyllanthe.fr\/association\/wp-content\/uploads\/2017\/05\/DSC07581-300x200.jpg 300w, https:\/\/www.aphyllanthe.fr\/association\/wp-content\/uploads\/2017\/05\/DSC07581-768x512.jpg 768w, https:\/\/www.aphyllanthe.fr\/association\/wp-content\/uploads\/2017\/05\/DSC07581-1024x683.jpg 1024w, https:\/\/www.aphyllanthe.fr\/association\/wp-content\/uploads\/2017\/05\/DSC07581-600x400.jpg 600w, https:\/\/www.aphyllanthe.fr\/association\/wp-content\/uploads\/2017\/05\/DSC07581.jpg 1620w\" sizes=\"auto, (max-width: 300px) 100vw, 300px\" \/><\/a>\n\t\t\t<\/div>\n\t\t\t\t<figcaption class='wp-caption-text gallery-caption' id='gallery-1-5752'>\n\t\t\t\tLa Reine\n\t\t\t\t<\/figcaption><\/figure><figure class='gallery-item'>\n\t\t\t<div class='gallery-icon landscape'>\n\t\t\t\t<a href='https:\/\/www.aphyllanthe.fr\/association\/wp-content\/uploads\/2017\/05\/DSC07586.jpg'><img loading=\"lazy\" decoding=\"async\" width=\"300\" height=\"200\" src=\"https:\/\/www.aphyllanthe.fr\/association\/wp-content\/uploads\/2017\/05\/DSC07586-300x200.jpg\" class=\"attachment-medium size-medium\" alt=\"le Roi des Ressorts\" aria-describedby=\"gallery-1-5753\" srcset=\"https:\/\/www.aphyllanthe.fr\/association\/wp-content\/uploads\/2017\/05\/DSC07586-300x200.jpg 300w, https:\/\/www.aphyllanthe.fr\/association\/wp-content\/uploads\/2017\/05\/DSC07586-768x512.jpg 768w, https:\/\/www.aphyllanthe.fr\/association\/wp-content\/uploads\/2017\/05\/DSC07586-1024x683.jpg 1024w, https:\/\/www.aphyllanthe.fr\/association\/wp-content\/uploads\/2017\/05\/DSC07586-600x400.jpg 600w, https:\/\/www.aphyllanthe.fr\/association\/wp-content\/uploads\/2017\/05\/DSC07586.jpg 1620w\" sizes=\"auto, (max-width: 300px) 100vw, 300px\" \/><\/a>\n\t\t\t<\/div>\n\t\t\t\t<figcaption class='wp-caption-text gallery-caption' id='gallery-1-5753'>\n\t\t\t\tle Roi des Ressorts\n\t\t\t\t<\/figcaption><\/figure><figure class='gallery-item'>\n\t\t\t<div class='gallery-icon landscape'>\n\t\t\t\t<a href='https:\/\/www.aphyllanthe.fr\/association\/wp-content\/uploads\/2017\/05\/DSC07592.jpg'><img loading=\"lazy\" decoding=\"async\" width=\"300\" height=\"200\" src=\"https:\/\/www.aphyllanthe.fr\/association\/wp-content\/uploads\/2017\/05\/DSC07592-300x200.jpg\" class=\"attachment-medium size-medium\" alt=\"Le Roi des Ressorts accepte les cl\u00e9s du Royaume\" aria-describedby=\"gallery-1-5754\" srcset=\"https:\/\/www.aphyllanthe.fr\/association\/wp-content\/uploads\/2017\/05\/DSC07592-300x200.jpg 300w, https:\/\/www.aphyllanthe.fr\/association\/wp-content\/uploads\/2017\/05\/DSC07592-768x512.jpg 768w, https:\/\/www.aphyllanthe.fr\/association\/wp-content\/uploads\/2017\/05\/DSC07592-1024x683.jpg 1024w, https:\/\/www.aphyllanthe.fr\/association\/wp-content\/uploads\/2017\/05\/DSC07592-600x400.jpg 600w, https:\/\/www.aphyllanthe.fr\/association\/wp-content\/uploads\/2017\/05\/DSC07592.jpg 1620w\" sizes=\"auto, (max-width: 300px) 100vw, 300px\" \/><\/a>\n\t\t\t<\/div>\n\t\t\t\t<figcaption class='wp-caption-text gallery-caption' id='gallery-1-5754'>\n\t\t\t\tLe Roi des Ressorts accepte les cl\u00e9s du Royaume\n\t\t\t\t<\/figcaption><\/figure><figure class='gallery-item'>\n\t\t\t<div class='gallery-icon landscape'>\n\t\t\t\t<a href='https:\/\/www.aphyllanthe.fr\/association\/wp-content\/uploads\/2017\/05\/DSC07597.jpg'><img loading=\"lazy\" decoding=\"async\" width=\"300\" height=\"200\" src=\"https:\/\/www.aphyllanthe.fr\/association\/wp-content\/uploads\/2017\/05\/DSC07597-300x200.jpg\" class=\"attachment-medium size-medium\" alt=\"la paresse du roi\" aria-describedby=\"gallery-1-5755\" srcset=\"https:\/\/www.aphyllanthe.fr\/association\/wp-content\/uploads\/2017\/05\/DSC07597-300x200.jpg 300w, https:\/\/www.aphyllanthe.fr\/association\/wp-content\/uploads\/2017\/05\/DSC07597-768x512.jpg 768w, https:\/\/www.aphyllanthe.fr\/association\/wp-content\/uploads\/2017\/05\/DSC07597-1024x683.jpg 1024w, https:\/\/www.aphyllanthe.fr\/association\/wp-content\/uploads\/2017\/05\/DSC07597-600x400.jpg 600w, https:\/\/www.aphyllanthe.fr\/association\/wp-content\/uploads\/2017\/05\/DSC07597.jpg 1620w\" sizes=\"auto, (max-width: 300px) 100vw, 300px\" \/><\/a>\n\t\t\t<\/div>\n\t\t\t\t<figcaption class='wp-caption-text gallery-caption' id='gallery-1-5755'>\n\t\t\t\tla paresse du roi\n\t\t\t\t<\/figcaption><\/figure>\n\t\t<\/div>\n\n<p>Ensuite, apr\u00e8s un rapide changement de d\u00e9cor, les plus grands ont pr\u00e9sent\u00e9 une pi\u00e8ce d&rsquo;Anton Tch\u00e9khov &#8211; <strong>\u00ab\u00a0Une Demande en Mariage\u00a0\u00bb<\/strong>. Dans cette com\u00e9die en un acte \u00e9crit en 1888, il s&rsquo;agit d&rsquo;une longue querelle provoqu\u00e9e par des futilit\u00e9s entre les Tchouboukov m\u00e8re et fille, riches propri\u00e9taires terriens, et leur voisin Lomov, venu demander la jeune fille en mariage&#8230;.<\/p>\n<div id='gallery-2' class='gallery galleryid-5745 gallery-columns-3 gallery-size-medium'><figure class='gallery-item'>\n\t\t\t<div class='gallery-icon landscape'>\n\t\t\t\t<a href='https:\/\/www.aphyllanthe.fr\/association\/wp-content\/uploads\/2017\/05\/DSC07599.jpg'><img loading=\"lazy\" decoding=\"async\" width=\"300\" height=\"200\" src=\"https:\/\/www.aphyllanthe.fr\/association\/wp-content\/uploads\/2017\/05\/DSC07599-300x200.jpg\" class=\"attachment-medium size-medium\" alt=\"Lomov rencontre Mme Tchouboukov m\u00e8re\" aria-describedby=\"gallery-2-5756\" srcset=\"https:\/\/www.aphyllanthe.fr\/association\/wp-content\/uploads\/2017\/05\/DSC07599-300x200.jpg 300w, https:\/\/www.aphyllanthe.fr\/association\/wp-content\/uploads\/2017\/05\/DSC07599-768x512.jpg 768w, https:\/\/www.aphyllanthe.fr\/association\/wp-content\/uploads\/2017\/05\/DSC07599-1024x683.jpg 1024w, https:\/\/www.aphyllanthe.fr\/association\/wp-content\/uploads\/2017\/05\/DSC07599-600x400.jpg 600w, https:\/\/www.aphyllanthe.fr\/association\/wp-content\/uploads\/2017\/05\/DSC07599.jpg 1620w\" sizes=\"auto, (max-width: 300px) 100vw, 300px\" \/><\/a>\n\t\t\t<\/div>\n\t\t\t\t<figcaption class='wp-caption-text gallery-caption' id='gallery-2-5756'>\n\t\t\t\tLomov rencontre Mme Tchouboukov m\u00e8re\n\t\t\t\t<\/figcaption><\/figure><figure class='gallery-item'>\n\t\t\t<div class='gallery-icon landscape'>\n\t\t\t\t<a href='https:\/\/www.aphyllanthe.fr\/association\/wp-content\/uploads\/2017\/05\/DSC07605.jpg'><img loading=\"lazy\" decoding=\"async\" width=\"300\" height=\"200\" src=\"https:\/\/www.aphyllanthe.fr\/association\/wp-content\/uploads\/2017\/05\/DSC07605-300x200.jpg\" class=\"attachment-medium size-medium\" alt=\"Lomov avec Mlle Tchouboukov fille\" aria-describedby=\"gallery-2-5757\" srcset=\"https:\/\/www.aphyllanthe.fr\/association\/wp-content\/uploads\/2017\/05\/DSC07605-300x200.jpg 300w, https:\/\/www.aphyllanthe.fr\/association\/wp-content\/uploads\/2017\/05\/DSC07605-768x512.jpg 768w, https:\/\/www.aphyllanthe.fr\/association\/wp-content\/uploads\/2017\/05\/DSC07605-1024x683.jpg 1024w, https:\/\/www.aphyllanthe.fr\/association\/wp-content\/uploads\/2017\/05\/DSC07605-600x400.jpg 600w, https:\/\/www.aphyllanthe.fr\/association\/wp-content\/uploads\/2017\/05\/DSC07605.jpg 1620w\" sizes=\"auto, (max-width: 300px) 100vw, 300px\" \/><\/a>\n\t\t\t<\/div>\n\t\t\t\t<figcaption class='wp-caption-text gallery-caption' id='gallery-2-5757'>\n\t\t\t\tLomov avec Mlle Tchouboukov fille\n\t\t\t\t<\/figcaption><\/figure><figure class='gallery-item'>\n\t\t\t<div class='gallery-icon landscape'>\n\t\t\t\t<a href='https:\/\/www.aphyllanthe.fr\/association\/wp-content\/uploads\/2017\/05\/DSC07615.jpg'><img loading=\"lazy\" decoding=\"async\" width=\"300\" height=\"200\" src=\"https:\/\/www.aphyllanthe.fr\/association\/wp-content\/uploads\/2017\/05\/DSC07615-300x200.jpg\" class=\"attachment-medium size-medium\" alt=\"on se dispute pour rien\" aria-describedby=\"gallery-2-5758\" srcset=\"https:\/\/www.aphyllanthe.fr\/association\/wp-content\/uploads\/2017\/05\/DSC07615-300x200.jpg 300w, https:\/\/www.aphyllanthe.fr\/association\/wp-content\/uploads\/2017\/05\/DSC07615-768x512.jpg 768w, https:\/\/www.aphyllanthe.fr\/association\/wp-content\/uploads\/2017\/05\/DSC07615-1024x683.jpg 1024w, https:\/\/www.aphyllanthe.fr\/association\/wp-content\/uploads\/2017\/05\/DSC07615-600x400.jpg 600w, https:\/\/www.aphyllanthe.fr\/association\/wp-content\/uploads\/2017\/05\/DSC07615.jpg 1620w\" sizes=\"auto, (max-width: 300px) 100vw, 300px\" \/><\/a>\n\t\t\t<\/div>\n\t\t\t\t<figcaption class='wp-caption-text gallery-caption' id='gallery-2-5758'>\n\t\t\t\ton se dispute pour rien\n\t\t\t\t<\/figcaption><\/figure><figure class='gallery-item'>\n\t\t\t<div class='gallery-icon landscape'>\n\t\t\t\t<a href='https:\/\/www.aphyllanthe.fr\/association\/wp-content\/uploads\/2017\/05\/DSC07618.jpg'><img loading=\"lazy\" decoding=\"async\" width=\"300\" height=\"200\" src=\"https:\/\/www.aphyllanthe.fr\/association\/wp-content\/uploads\/2017\/05\/DSC07618-300x200.jpg\" class=\"attachment-medium size-medium\" alt=\"Sortez d&#039;ici Lomov\" aria-describedby=\"gallery-2-5759\" srcset=\"https:\/\/www.aphyllanthe.fr\/association\/wp-content\/uploads\/2017\/05\/DSC07618-300x200.jpg 300w, https:\/\/www.aphyllanthe.fr\/association\/wp-content\/uploads\/2017\/05\/DSC07618-768x512.jpg 768w, https:\/\/www.aphyllanthe.fr\/association\/wp-content\/uploads\/2017\/05\/DSC07618-1024x683.jpg 1024w, https:\/\/www.aphyllanthe.fr\/association\/wp-content\/uploads\/2017\/05\/DSC07618-600x400.jpg 600w, https:\/\/www.aphyllanthe.fr\/association\/wp-content\/uploads\/2017\/05\/DSC07618.jpg 1620w\" sizes=\"auto, (max-width: 300px) 100vw, 300px\" \/><\/a>\n\t\t\t<\/div>\n\t\t\t\t<figcaption class='wp-caption-text gallery-caption' id='gallery-2-5759'>\n\t\t\t\tSortez d&rsquo;ici Lomov\n\t\t\t\t<\/figcaption><\/figure><figure class='gallery-item'>\n\t\t\t<div class='gallery-icon landscape'>\n\t\t\t\t<a href='https:\/\/www.aphyllanthe.fr\/association\/wp-content\/uploads\/2017\/05\/DSC07626.jpg'><img loading=\"lazy\" decoding=\"async\" width=\"300\" height=\"200\" src=\"https:\/\/www.aphyllanthe.fr\/association\/wp-content\/uploads\/2017\/05\/DSC07626-300x200.jpg\" class=\"attachment-medium size-medium\" alt=\"Lomov s\u2019\u00e9vanouit et Mme Tchouboukov s\u2019exasp\u00e8re\" aria-describedby=\"gallery-2-5760\" srcset=\"https:\/\/www.aphyllanthe.fr\/association\/wp-content\/uploads\/2017\/05\/DSC07626-300x200.jpg 300w, https:\/\/www.aphyllanthe.fr\/association\/wp-content\/uploads\/2017\/05\/DSC07626-768x512.jpg 768w, https:\/\/www.aphyllanthe.fr\/association\/wp-content\/uploads\/2017\/05\/DSC07626-1024x683.jpg 1024w, https:\/\/www.aphyllanthe.fr\/association\/wp-content\/uploads\/2017\/05\/DSC07626-600x400.jpg 600w, https:\/\/www.aphyllanthe.fr\/association\/wp-content\/uploads\/2017\/05\/DSC07626.jpg 1620w\" sizes=\"auto, (max-width: 300px) 100vw, 300px\" \/><\/a>\n\t\t\t<\/div>\n\t\t\t\t<figcaption class='wp-caption-text gallery-caption' id='gallery-2-5760'>\n\t\t\t\tLomov s\u2019\u00e9vanouit et Mme Tchouboukov s\u2019exasp\u00e8re\n\t\t\t\t<\/figcaption><\/figure><figure class='gallery-item'>\n\t\t\t<div class='gallery-icon landscape'>\n\t\t\t\t<a href='https:\/\/www.aphyllanthe.fr\/association\/wp-content\/uploads\/2017\/05\/DSC07632.jpg'><img loading=\"lazy\" decoding=\"async\" width=\"300\" height=\"200\" src=\"https:\/\/www.aphyllanthe.fr\/association\/wp-content\/uploads\/2017\/05\/DSC07632-300x200.jpg\" class=\"attachment-medium size-medium\" alt=\"le mariage va se faire\" aria-describedby=\"gallery-2-5761\" srcset=\"https:\/\/www.aphyllanthe.fr\/association\/wp-content\/uploads\/2017\/05\/DSC07632-300x200.jpg 300w, https:\/\/www.aphyllanthe.fr\/association\/wp-content\/uploads\/2017\/05\/DSC07632-768x512.jpg 768w, https:\/\/www.aphyllanthe.fr\/association\/wp-content\/uploads\/2017\/05\/DSC07632-1024x683.jpg 1024w, https:\/\/www.aphyllanthe.fr\/association\/wp-content\/uploads\/2017\/05\/DSC07632-600x400.jpg 600w, https:\/\/www.aphyllanthe.fr\/association\/wp-content\/uploads\/2017\/05\/DSC07632.jpg 1620w\" sizes=\"auto, (max-width: 300px) 100vw, 300px\" \/><\/a>\n\t\t\t<\/div>\n\t\t\t\t<figcaption class='wp-caption-text gallery-caption' id='gallery-2-5761'>\n\t\t\t\tle mariage va se faire\n\t\t\t\t<\/figcaption><\/figure>\n\t\t<\/div>\n\n<p>Le public a \u00e9t\u00e9 \u00e9bloui par la qualit\u00e9 de la mise en sc\u00e8ne et les performances des acteurs et actrices dont certains avaient de tr\u00e8s longs textes \u00e0 m\u00e9moriser. C&rsquo;\u00e9tait un spectacle de tr\u00e8s grande qualit\u00e9.  <\/p>\n<p><a href=\"https:\/\/goo.gl\/photos\/zSscnuXbj9iSMEmZ8\" target=\"_blank\">Cliquez pour visionner l&rsquo;album photo. <\/a><\/p>\n<figure id=\"attachment_5762\" aria-describedby=\"caption-attachment-5762\" style=\"width: 474px\" class=\"wp-caption aligncenter\"><a href=\"http:\/\/www.aphyllanthe.fr\/association\/wp-content\/uploads\/2017\/05\/DSC07633.jpg\"><img loading=\"lazy\" decoding=\"async\" src=\"http:\/\/www.aphyllanthe.fr\/association\/wp-content\/uploads\/2017\/05\/DSC07633-1024x683.jpg\" alt=\"le public sur l&#039;herbe\" width=\"474\" height=\"316\" class=\"size-large wp-image-5762\" srcset=\"https:\/\/www.aphyllanthe.fr\/association\/wp-content\/uploads\/2017\/05\/DSC07633-1024x683.jpg 1024w, https:\/\/www.aphyllanthe.fr\/association\/wp-content\/uploads\/2017\/05\/DSC07633-300x200.jpg 300w, https:\/\/www.aphyllanthe.fr\/association\/wp-content\/uploads\/2017\/05\/DSC07633-768x512.jpg 768w, https:\/\/www.aphyllanthe.fr\/association\/wp-content\/uploads\/2017\/05\/DSC07633-600x400.jpg 600w, https:\/\/www.aphyllanthe.fr\/association\/wp-content\/uploads\/2017\/05\/DSC07633.jpg 1620w\" sizes=\"auto, (max-width: 474px) 100vw, 474px\" \/><\/a><figcaption id=\"caption-attachment-5762\" class=\"wp-caption-text\">le public sur l&rsquo;herbe<\/figcaption><\/figure>\n","protected":false},"excerpt":{"rendered":"<p>Dimanche 28 mai, lors de la f\u00eate du jardin de l&rsquo;Aphyllanthe, Patricia, animatrice de l&rsquo;atelier th\u00e9\u00e2tre de l&rsquo;Aphyllanthe et les enfants ont pr\u00e9sent\u00e9 2 pi\u00e8ces tr\u00e8s appr\u00e9ci\u00e9es par les parents, grand-parents et le public en g\u00e9n\u00e9ral. Nous avons d&rsquo;ailleurs compt\u00e9 plus de 75 spectateurs au plus fort de l&rsquo;\u00e9v\u00e9nement.<\/p>\n","protected":false},"author":1,"featured_media":0,"comment_status":"closed","ping_status":"closed","sticky":false,"template":"","format":"standard","meta":{"footnotes":""},"categories":[3],"tags":[],"class_list":["post-5745","post","type-post","status-publish","format-standard","hentry","category-reportage"],"_links":{"self":[{"href":"https:\/\/www.aphyllanthe.fr\/association\/wp-json\/wp\/v2\/posts\/5745","targetHints":{"allow":["GET"]}}],"collection":[{"href":"https:\/\/www.aphyllanthe.fr\/association\/wp-json\/wp\/v2\/posts"}],"about":[{"href":"https:\/\/www.aphyllanthe.fr\/association\/wp-json\/wp\/v2\/types\/post"}],"author":[{"embeddable":true,"href":"https:\/\/www.aphyllanthe.fr\/association\/wp-json\/wp\/v2\/users\/1"}],"replies":[{"embeddable":true,"href":"https:\/\/www.aphyllanthe.fr\/association\/wp-json\/wp\/v2\/comments?post=5745"}],"version-history":[{"count":0,"href":"https:\/\/www.aphyllanthe.fr\/association\/wp-json\/wp\/v2\/posts\/5745\/revisions"}],"wp:attachment":[{"href":"https:\/\/www.aphyllanthe.fr\/association\/wp-json\/wp\/v2\/media?parent=5745"}],"wp:term":[{"taxonomy":"category","embeddable":true,"href":"https:\/\/www.aphyllanthe.fr\/association\/wp-json\/wp\/v2\/categories?post=5745"},{"taxonomy":"post_tag","embeddable":true,"href":"https:\/\/www.aphyllanthe.fr\/association\/wp-json\/wp\/v2\/tags?post=5745"}],"curies":[{"name":"wp","href":"https:\/\/api.w.org\/{rel}","templated":true}]}}