{"id":5896,"date":"2017-06-29T15:33:19","date_gmt":"2017-06-29T14:33:19","guid":{"rendered":"http:\/\/www.aphyllanthe.fr\/association\/?p=5896"},"modified":"2017-06-29T15:37:50","modified_gmt":"2017-06-29T14:37:50","slug":"sortie-reussie-a-laven-dorgnac","status":"publish","type":"post","link":"https:\/\/www.aphyllanthe.fr\/association\/sortie-reussie-a-laven-dorgnac\/","title":{"rendered":"Sortie r\u00e9ussie \u00e0 l&rsquo;Aven d&rsquo;Orgnac"},"content":{"rendered":"<p><strong>Sortie tr\u00e8s r\u00e9ussie pour ce dimanche 18 Juin \u00e0 l&rsquo;aven d&rsquo;Orgnac en Ard\u00e8che. <\/strong><\/p>\n<p><figure id=\"attachment_5900\" aria-describedby=\"caption-attachment-5900\" style=\"width: 150px\" class=\"wp-caption alignright\"><a href=\"http:\/\/www.aphyllanthe.fr\/association\/wp-content\/uploads\/2017\/06\/2017-06-18-sortie-aven-orgnac002.jpg\"><img loading=\"lazy\" decoding=\"async\" src=\"http:\/\/www.aphyllanthe.fr\/association\/wp-content\/uploads\/2017\/06\/2017-06-18-sortie-aven-orgnac002-150x150.jpg\" alt=\"dans l&#039;aven d&#039;Orgnac\" width=\"150\" height=\"150\" class=\"size-thumbnail wp-image-5900\" \/><\/a><figcaption id=\"caption-attachment-5900\" class=\"wp-caption-text\">dans l&rsquo;aven d&rsquo;Orgnac<\/figcaption><\/figure>Malgr\u00e9 la chaleur, les 35 participants n&rsquo;ont pas d\u00e9clar\u00e9 forfait, peut-\u00eatre heureux de descendre au creux de l&rsquo;Aven pour y trouver une temp\u00e9rature de 12 degr\u00e9s. Chacun a pu admirer les salles splendides du site, class\u00e9 Grand Site de France, et s&rsquo;\u00e9merveiller des splendides stalactites, stalagmites, drap\u00e9s et formations calcaires exceptionnelles&#8230; Le guide de la visite a su agr\u00e9menter ses explications de remarques dr\u00f4les et humoristiques sachant ainsi capter l&rsquo;attention des enfants et des adultes.<!--more--><\/p>\n<div id='gallery-1' class='gallery galleryid-5896 gallery-columns-4 gallery-size-medium'><figure class='gallery-item'>\n\t\t\t<div class='gallery-icon landscape'>\n\t\t\t\t<a href='https:\/\/www.aphyllanthe.fr\/association\/wp-content\/uploads\/2017\/06\/2017-06-18-sortie-aven-orgnac010.jpg'><img loading=\"lazy\" decoding=\"async\" width=\"300\" height=\"225\" src=\"https:\/\/www.aphyllanthe.fr\/association\/wp-content\/uploads\/2017\/06\/2017-06-18-sortie-aven-orgnac010-300x225.jpg\" class=\"attachment-medium size-medium\" alt=\"pause \u00e0 l&#039;ombre\" aria-describedby=\"gallery-1-5908\" srcset=\"https:\/\/www.aphyllanthe.fr\/association\/wp-content\/uploads\/2017\/06\/2017-06-18-sortie-aven-orgnac010-300x225.jpg 300w, https:\/\/www.aphyllanthe.fr\/association\/wp-content\/uploads\/2017\/06\/2017-06-18-sortie-aven-orgnac010-768x576.jpg 768w, https:\/\/www.aphyllanthe.fr\/association\/wp-content\/uploads\/2017\/06\/2017-06-18-sortie-aven-orgnac010-600x450.jpg 600w, https:\/\/www.aphyllanthe.fr\/association\/wp-content\/uploads\/2017\/06\/2017-06-18-sortie-aven-orgnac010.jpg 1000w\" sizes=\"auto, (max-width: 300px) 100vw, 300px\" \/><\/a>\n\t\t\t<\/div>\n\t\t\t\t<figcaption class='wp-caption-text gallery-caption' id='gallery-1-5908'>\n\t\t\t\tpause \u00e0 l&rsquo;ombre\n\t\t\t\t<\/figcaption><\/figure><figure class='gallery-item'>\n\t\t\t<div class='gallery-icon landscape'>\n\t\t\t\t<a href='https:\/\/www.aphyllanthe.fr\/association\/wp-content\/uploads\/2017\/06\/2017-06-18-sortie-aven-orgnac009.jpg'><img loading=\"lazy\" decoding=\"async\" width=\"300\" height=\"225\" src=\"https:\/\/www.aphyllanthe.fr\/association\/wp-content\/uploads\/2017\/06\/2017-06-18-sortie-aven-orgnac009-300x225.jpg\" class=\"attachment-medium size-medium\" alt=\"pique-nique \u00e0 l&#039;aven d&#039;Orgnac\" aria-describedby=\"gallery-1-5907\" srcset=\"https:\/\/www.aphyllanthe.fr\/association\/wp-content\/uploads\/2017\/06\/2017-06-18-sortie-aven-orgnac009-300x225.jpg 300w, https:\/\/www.aphyllanthe.fr\/association\/wp-content\/uploads\/2017\/06\/2017-06-18-sortie-aven-orgnac009-768x576.jpg 768w, https:\/\/www.aphyllanthe.fr\/association\/wp-content\/uploads\/2017\/06\/2017-06-18-sortie-aven-orgnac009-600x450.jpg 600w, https:\/\/www.aphyllanthe.fr\/association\/wp-content\/uploads\/2017\/06\/2017-06-18-sortie-aven-orgnac009.jpg 1000w\" sizes=\"auto, (max-width: 300px) 100vw, 300px\" \/><\/a>\n\t\t\t<\/div>\n\t\t\t\t<figcaption class='wp-caption-text gallery-caption' id='gallery-1-5907'>\n\t\t\t\tpique-nique \u00e0 l&rsquo;aven d&rsquo;Orgnac\n\t\t\t\t<\/figcaption><\/figure><figure class='gallery-item'>\n\t\t\t<div class='gallery-icon landscape'>\n\t\t\t\t<a href='https:\/\/www.aphyllanthe.fr\/association\/wp-content\/uploads\/2017\/06\/2017-06-18-sortie-aven-orgnac008.jpg'><img loading=\"lazy\" decoding=\"async\" width=\"300\" height=\"225\" src=\"https:\/\/www.aphyllanthe.fr\/association\/wp-content\/uploads\/2017\/06\/2017-06-18-sortie-aven-orgnac008-300x225.jpg\" class=\"attachment-medium size-medium\" alt=\"pique-nique \u00e0 l&#039;aven d&#039;Orgnac\" aria-describedby=\"gallery-1-5906\" srcset=\"https:\/\/www.aphyllanthe.fr\/association\/wp-content\/uploads\/2017\/06\/2017-06-18-sortie-aven-orgnac008-300x225.jpg 300w, https:\/\/www.aphyllanthe.fr\/association\/wp-content\/uploads\/2017\/06\/2017-06-18-sortie-aven-orgnac008-768x576.jpg 768w, https:\/\/www.aphyllanthe.fr\/association\/wp-content\/uploads\/2017\/06\/2017-06-18-sortie-aven-orgnac008-600x450.jpg 600w, https:\/\/www.aphyllanthe.fr\/association\/wp-content\/uploads\/2017\/06\/2017-06-18-sortie-aven-orgnac008.jpg 1000w\" sizes=\"auto, (max-width: 300px) 100vw, 300px\" \/><\/a>\n\t\t\t<\/div>\n\t\t\t\t<figcaption class='wp-caption-text gallery-caption' id='gallery-1-5906'>\n\t\t\t\tpique-nique \u00e0 l&rsquo;aven d&rsquo;Orgnac\n\t\t\t\t<\/figcaption><\/figure><figure class='gallery-item'>\n\t\t\t<div class='gallery-icon landscape'>\n\t\t\t\t<a href='https:\/\/www.aphyllanthe.fr\/association\/wp-content\/uploads\/2017\/06\/2017-06-18-sortie-aven-orgnac007.jpg'><img loading=\"lazy\" decoding=\"async\" width=\"300\" height=\"225\" src=\"https:\/\/www.aphyllanthe.fr\/association\/wp-content\/uploads\/2017\/06\/2017-06-18-sortie-aven-orgnac007-300x225.jpg\" class=\"attachment-medium size-medium\" alt=\"pique-nique \u00e0 l&#039;aven d&#039;Orgnac\" aria-describedby=\"gallery-1-5905\" srcset=\"https:\/\/www.aphyllanthe.fr\/association\/wp-content\/uploads\/2017\/06\/2017-06-18-sortie-aven-orgnac007-300x225.jpg 300w, https:\/\/www.aphyllanthe.fr\/association\/wp-content\/uploads\/2017\/06\/2017-06-18-sortie-aven-orgnac007-768x576.jpg 768w, https:\/\/www.aphyllanthe.fr\/association\/wp-content\/uploads\/2017\/06\/2017-06-18-sortie-aven-orgnac007-600x450.jpg 600w, https:\/\/www.aphyllanthe.fr\/association\/wp-content\/uploads\/2017\/06\/2017-06-18-sortie-aven-orgnac007.jpg 1000w\" sizes=\"auto, (max-width: 300px) 100vw, 300px\" \/><\/a>\n\t\t\t<\/div>\n\t\t\t\t<figcaption class='wp-caption-text gallery-caption' id='gallery-1-5905'>\n\t\t\t\tpique-nique \u00e0 l&rsquo;aven d&rsquo;Orgnac\n\t\t\t\t<\/figcaption><\/figure><figure class='gallery-item'>\n\t\t\t<div class='gallery-icon landscape'>\n\t\t\t\t<a href='https:\/\/www.aphyllanthe.fr\/association\/wp-content\/uploads\/2017\/06\/2017-06-18-sortie-aven-orgnac006.jpg'><img loading=\"lazy\" decoding=\"async\" width=\"300\" height=\"225\" src=\"https:\/\/www.aphyllanthe.fr\/association\/wp-content\/uploads\/2017\/06\/2017-06-18-sortie-aven-orgnac006-300x225.jpg\" class=\"attachment-medium size-medium\" alt=\"animations \u00e0 l&#039;aven d&#039;Orgnac\" aria-describedby=\"gallery-1-5904\" srcset=\"https:\/\/www.aphyllanthe.fr\/association\/wp-content\/uploads\/2017\/06\/2017-06-18-sortie-aven-orgnac006-300x225.jpg 300w, https:\/\/www.aphyllanthe.fr\/association\/wp-content\/uploads\/2017\/06\/2017-06-18-sortie-aven-orgnac006-768x576.jpg 768w, https:\/\/www.aphyllanthe.fr\/association\/wp-content\/uploads\/2017\/06\/2017-06-18-sortie-aven-orgnac006-600x450.jpg 600w, https:\/\/www.aphyllanthe.fr\/association\/wp-content\/uploads\/2017\/06\/2017-06-18-sortie-aven-orgnac006.jpg 1000w\" sizes=\"auto, (max-width: 300px) 100vw, 300px\" \/><\/a>\n\t\t\t<\/div>\n\t\t\t\t<figcaption class='wp-caption-text gallery-caption' id='gallery-1-5904'>\n\t\t\t\tanimations \u00e0 l&rsquo;aven d&rsquo;Orgnac\n\t\t\t\t<\/figcaption><\/figure><figure class='gallery-item'>\n\t\t\t<div class='gallery-icon landscape'>\n\t\t\t\t<a href='https:\/\/www.aphyllanthe.fr\/association\/wp-content\/uploads\/2017\/06\/2017-06-18-sortie-aven-orgnac005.jpg'><img loading=\"lazy\" decoding=\"async\" width=\"300\" height=\"225\" src=\"https:\/\/www.aphyllanthe.fr\/association\/wp-content\/uploads\/2017\/06\/2017-06-18-sortie-aven-orgnac005-300x225.jpg\" class=\"attachment-medium size-medium\" alt=\"la cit\u00e9 de la Pr\u00e9histoire\" aria-describedby=\"gallery-1-5903\" srcset=\"https:\/\/www.aphyllanthe.fr\/association\/wp-content\/uploads\/2017\/06\/2017-06-18-sortie-aven-orgnac005-300x225.jpg 300w, https:\/\/www.aphyllanthe.fr\/association\/wp-content\/uploads\/2017\/06\/2017-06-18-sortie-aven-orgnac005-768x576.jpg 768w, https:\/\/www.aphyllanthe.fr\/association\/wp-content\/uploads\/2017\/06\/2017-06-18-sortie-aven-orgnac005-600x450.jpg 600w, https:\/\/www.aphyllanthe.fr\/association\/wp-content\/uploads\/2017\/06\/2017-06-18-sortie-aven-orgnac005.jpg 1000w\" sizes=\"auto, (max-width: 300px) 100vw, 300px\" \/><\/a>\n\t\t\t<\/div>\n\t\t\t\t<figcaption class='wp-caption-text gallery-caption' id='gallery-1-5903'>\n\t\t\t\tla cit\u00e9 de la Pr\u00e9histoire\n\t\t\t\t<\/figcaption><\/figure><figure class='gallery-item'>\n\t\t\t<div class='gallery-icon landscape'>\n\t\t\t\t<a href='https:\/\/www.aphyllanthe.fr\/association\/wp-content\/uploads\/2017\/06\/2017-06-18-sortie-aven-orgnac004.jpg'><img loading=\"lazy\" decoding=\"async\" width=\"300\" height=\"225\" src=\"https:\/\/www.aphyllanthe.fr\/association\/wp-content\/uploads\/2017\/06\/2017-06-18-sortie-aven-orgnac004-300x225.jpg\" class=\"attachment-medium size-medium\" alt=\"la photo souvenir, visite de l&#039;aven d&#039;Orgnac\" aria-describedby=\"gallery-1-5902\" srcset=\"https:\/\/www.aphyllanthe.fr\/association\/wp-content\/uploads\/2017\/06\/2017-06-18-sortie-aven-orgnac004-300x225.jpg 300w, https:\/\/www.aphyllanthe.fr\/association\/wp-content\/uploads\/2017\/06\/2017-06-18-sortie-aven-orgnac004-768x576.jpg 768w, https:\/\/www.aphyllanthe.fr\/association\/wp-content\/uploads\/2017\/06\/2017-06-18-sortie-aven-orgnac004-600x450.jpg 600w, https:\/\/www.aphyllanthe.fr\/association\/wp-content\/uploads\/2017\/06\/2017-06-18-sortie-aven-orgnac004.jpg 1000w\" sizes=\"auto, (max-width: 300px) 100vw, 300px\" \/><\/a>\n\t\t\t<\/div>\n\t\t\t\t<figcaption class='wp-caption-text gallery-caption' id='gallery-1-5902'>\n\t\t\t\tla photo souvenir, visite de l&rsquo;aven d&rsquo;Orgnac\n\t\t\t\t<\/figcaption><\/figure><figure class='gallery-item'>\n\t\t\t<div class='gallery-icon landscape'>\n\t\t\t\t<a href='https:\/\/www.aphyllanthe.fr\/association\/wp-content\/uploads\/2017\/06\/2017-06-18-sortie-aven-orgnac003.jpg'><img loading=\"lazy\" decoding=\"async\" width=\"300\" height=\"225\" src=\"https:\/\/www.aphyllanthe.fr\/association\/wp-content\/uploads\/2017\/06\/2017-06-18-sortie-aven-orgnac003-300x225.jpg\" class=\"attachment-medium size-medium\" alt=\"pique-nique \u00e0 l&#039;aven d&#039;Orgnac\" aria-describedby=\"gallery-1-5901\" srcset=\"https:\/\/www.aphyllanthe.fr\/association\/wp-content\/uploads\/2017\/06\/2017-06-18-sortie-aven-orgnac003-300x225.jpg 300w, https:\/\/www.aphyllanthe.fr\/association\/wp-content\/uploads\/2017\/06\/2017-06-18-sortie-aven-orgnac003-600x450.jpg 600w, https:\/\/www.aphyllanthe.fr\/association\/wp-content\/uploads\/2017\/06\/2017-06-18-sortie-aven-orgnac003.jpg 640w\" sizes=\"auto, (max-width: 300px) 100vw, 300px\" \/><\/a>\n\t\t\t<\/div>\n\t\t\t\t<figcaption class='wp-caption-text gallery-caption' id='gallery-1-5901'>\n\t\t\t\tpique-nique \u00e0 l&rsquo;aven d&rsquo;Orgnac\n\t\t\t\t<\/figcaption><\/figure>\n\t\t<\/div>\n\n<p>D\u00e8s la sortie de l&rsquo;aven, apr\u00e8s la traditionnelle photo de groupe \u00e0 garder en souvenir, une grande partie du groupe s&rsquo;est retrouv\u00e9 pour le pique nique, \u00e0 l&rsquo;ombre des ch\u00eanes verts. Un temps pour se restaurer, \u00e9changer ses impressions, et partager un moment tr\u00e8s convivial.<\/p>\n<p>Pourtant la visite n&rsquo;\u00e9tait pas termin\u00e9e et nous nous sommes dirig\u00e9s vers la Cit\u00e9 de la Pr\u00e9histoire et son mus\u00e9e. De nombreuses animations interactives attendaient les enfants qui s&rsquo;y sont beaucoup int\u00e9ress\u00e9s sp\u00e9cialement pour les animations sp\u00e9cifiques en raison de la journ\u00e9e nationale de l&rsquo;arch\u00e9ologie o\u00f9 ils se sont essay\u00e9s au tissage rudimentaire, \u00e0 la teinture v\u00e9g\u00e9tale et fabrication d&rsquo;encres en broyant des graines.<\/p>\n<p>Au final, une journ\u00e9e ensoleill\u00e9e, instructive, pleine de d\u00e9couvertes et de convivialit\u00e9, parfaite pour d\u00e9couvrir le magnifique patrimoine de la r\u00e9gion.  <\/p>\n<div id='gallery-2' class='gallery galleryid-5896 gallery-columns-2 gallery-size-medium'><figure class='gallery-item'>\n\t\t\t<div class='gallery-icon portrait'>\n\t\t\t\t<a href='https:\/\/www.aphyllanthe.fr\/association\/wp-content\/uploads\/2017\/06\/2017-06-18-sortie-aven-orgnac002.jpg'><img loading=\"lazy\" decoding=\"async\" width=\"225\" height=\"300\" src=\"https:\/\/www.aphyllanthe.fr\/association\/wp-content\/uploads\/2017\/06\/2017-06-18-sortie-aven-orgnac002-225x300.jpg\" class=\"attachment-medium size-medium\" alt=\"dans l&#039;aven d&#039;Orgnac\" aria-describedby=\"gallery-2-5900\" srcset=\"https:\/\/www.aphyllanthe.fr\/association\/wp-content\/uploads\/2017\/06\/2017-06-18-sortie-aven-orgnac002-225x300.jpg 225w, https:\/\/www.aphyllanthe.fr\/association\/wp-content\/uploads\/2017\/06\/2017-06-18-sortie-aven-orgnac002.jpg 480w\" sizes=\"auto, (max-width: 225px) 100vw, 225px\" \/><\/a>\n\t\t\t<\/div>\n\t\t\t\t<figcaption class='wp-caption-text gallery-caption' id='gallery-2-5900'>\n\t\t\t\tdans l&rsquo;aven d&rsquo;Orgnac\n\t\t\t\t<\/figcaption><\/figure><figure class='gallery-item'>\n\t\t\t<div class='gallery-icon portrait'>\n\t\t\t\t<a href='https:\/\/www.aphyllanthe.fr\/association\/wp-content\/uploads\/2017\/06\/2017-06-18-sortie-aven-orgnac001.jpg'><img loading=\"lazy\" decoding=\"async\" width=\"225\" height=\"300\" src=\"https:\/\/www.aphyllanthe.fr\/association\/wp-content\/uploads\/2017\/06\/2017-06-18-sortie-aven-orgnac001-225x300.jpg\" class=\"attachment-medium size-medium\" alt=\"dans l&#039;aven d&#039;Orgnac\" aria-describedby=\"gallery-2-5899\" srcset=\"https:\/\/www.aphyllanthe.fr\/association\/wp-content\/uploads\/2017\/06\/2017-06-18-sortie-aven-orgnac001-225x300.jpg 225w, https:\/\/www.aphyllanthe.fr\/association\/wp-content\/uploads\/2017\/06\/2017-06-18-sortie-aven-orgnac001.jpg 480w\" sizes=\"auto, (max-width: 225px) 100vw, 225px\" \/><\/a>\n\t\t\t<\/div>\n\t\t\t\t<figcaption class='wp-caption-text gallery-caption' id='gallery-2-5899'>\n\t\t\t\tdans l&rsquo;aven d&rsquo;Orgnac\n\t\t\t\t<\/figcaption><\/figure>\n\t\t<\/div>\n\n","protected":false},"excerpt":{"rendered":"<p>Sortie tr\u00e8s r\u00e9ussie pour ce dimanche 18 Juin \u00e0 l&rsquo;aven d&rsquo;Orgnac en Ard\u00e8che. Malgr\u00e9 la chaleur, les 35 participants n&rsquo;ont pas d\u00e9clar\u00e9 forfait, peut-\u00eatre heureux de descendre au creux de l&rsquo;Aven pour y trouver une temp\u00e9rature de 12 degr\u00e9s. Chacun a pu admirer les salles splendides du site, class\u00e9 Grand Site de France, et s&rsquo;\u00e9merveiller &hellip; <a href=\"https:\/\/www.aphyllanthe.fr\/association\/sortie-reussie-a-laven-dorgnac\/\" class=\"more-link\">Continuer la lecture de <span class=\"screen-reader-text\">Sortie r\u00e9ussie \u00e0 l&rsquo;Aven d&rsquo;Orgnac<\/span>  <span class=\"meta-nav\">&rarr;<\/span><\/a><\/p>\n","protected":false},"author":1,"featured_media":0,"comment_status":"closed","ping_status":"closed","sticky":false,"template":"","format":"standard","meta":{"footnotes":""},"categories":[3],"tags":[],"class_list":["post-5896","post","type-post","status-publish","format-standard","hentry","category-reportage"],"_links":{"self":[{"href":"https:\/\/www.aphyllanthe.fr\/association\/wp-json\/wp\/v2\/posts\/5896","targetHints":{"allow":["GET"]}}],"collection":[{"href":"https:\/\/www.aphyllanthe.fr\/association\/wp-json\/wp\/v2\/posts"}],"about":[{"href":"https:\/\/www.aphyllanthe.fr\/association\/wp-json\/wp\/v2\/types\/post"}],"author":[{"embeddable":true,"href":"https:\/\/www.aphyllanthe.fr\/association\/wp-json\/wp\/v2\/users\/1"}],"replies":[{"embeddable":true,"href":"https:\/\/www.aphyllanthe.fr\/association\/wp-json\/wp\/v2\/comments?post=5896"}],"version-history":[{"count":0,"href":"https:\/\/www.aphyllanthe.fr\/association\/wp-json\/wp\/v2\/posts\/5896\/revisions"}],"wp:attachment":[{"href":"https:\/\/www.aphyllanthe.fr\/association\/wp-json\/wp\/v2\/media?parent=5896"}],"wp:term":[{"taxonomy":"category","embeddable":true,"href":"https:\/\/www.aphyllanthe.fr\/association\/wp-json\/wp\/v2\/categories?post=5896"},{"taxonomy":"post_tag","embeddable":true,"href":"https:\/\/www.aphyllanthe.fr\/association\/wp-json\/wp\/v2\/tags?post=5896"}],"curies":[{"name":"wp","href":"https:\/\/api.w.org\/{rel}","templated":true}]}}