{"id":6179,"date":"2017-08-28T20:39:37","date_gmt":"2017-08-28T19:39:37","guid":{"rendered":"http:\/\/www.aphyllanthe.fr\/association\/?p=6179"},"modified":"2017-08-31T09:17:14","modified_gmt":"2017-08-31T08:17:14","slug":"bientot-la-rentree","status":"publish","type":"post","link":"https:\/\/www.aphyllanthe.fr\/association\/bientot-la-rentree\/","title":{"rendered":"Bient\u00f4t la rentr\u00e9e"},"content":{"rendered":"<p><figure id=\"attachment_6077\" aria-describedby=\"caption-attachment-6077\" style=\"width: 150px\" class=\"wp-caption alignleft\"><img loading=\"lazy\" decoding=\"async\" src=\"http:\/\/www.aphyllanthe.fr\/association\/wp-content\/uploads\/2017\/07\/P1100934.resized-150x150.jpg\" alt=\"aux arts plastiques\" width=\"150\" height=\"150\" class=\"size-thumbnail wp-image-6077\" \/><figcaption id=\"caption-attachment-6077\" class=\"wp-caption-text\">aux arts plastiques<\/figcaption><\/figure>La rentr\u00e9e 2017 approche \u00e0 grands pas.  A l&rsquo;Aphyllanthe nous n&rsquo;avons pas ch\u00f4m\u00e9 pendant l\u2019\u00e9t\u00e9. Nous avons pr\u00e9par\u00e9 un programme sympa et complet pour nos adh\u00e9rents. Il y a un <a href=\"http:\/\/www.aphyllanthe.fr\/association\/activites-hebdomadaires\/\" target=\"_blank\">programme d&rsquo;activit\u00e9s hebdomadaires<\/a> comportant de nouveaux ateliers pour enfants et adultes (<strong>arts plastiques et jardin musical<\/strong>).  Pour ce dernier, nous renouvelons avec une ancienne tradition de l&rsquo;Association qui n&rsquo;avait pas pu continuer faute d&rsquo;inscrits. Cette ann\u00e9e nous vous le proposons \u00e0 un prix imbattable. Pour les arts plastiques &#8211; on ouvre la porte aux enfants et aux adultes. <!--more--><\/p>\n<p><figure id=\"attachment_6169\" aria-describedby=\"caption-attachment-6169\" style=\"width: 150px\" class=\"wp-caption alignleft\"><img loading=\"lazy\" decoding=\"async\" src=\"http:\/\/www.aphyllanthe.fr\/association\/wp-content\/uploads\/2017\/08\/elze-e1503232291466-150x150.jpg\" alt=\"balises\" width=\"150\" height=\"150\" class=\"size-thumbnail wp-image-6169\" \/><figcaption id=\"caption-attachment-6169\" class=\"wp-caption-text\">randonn\u00e9e<\/figcaption><\/figure>Pour le programme des activit\u00e9s ponctuelles, la mer, la culture et la p\u00eache seront en \u00e9vidence. La lettre de l&rsquo;Aphyllanthe annon\u00e7ant ces sorties para\u00eetra tr\u00e8s bient\u00f4t. Pour les vacances scolaires &#8211; un programme complet sera annonc\u00e9 aussi dans la lettre. Et pour la rando, la nouvelle saison verra l&rsquo;implication de plusieurs randonneurs pour proposer et conduire des sorties. Enfin le CLAS sera au rendez-vous avec 5 cours propos\u00e9s.  <\/p>\n<p><figure id=\"attachment_2384\" aria-describedby=\"caption-attachment-2384\" style=\"width: 176px\" class=\"wp-caption alignright\"><img loading=\"lazy\" decoding=\"async\" src=\"http:\/\/www.aphyllanthe.fr\/association\/wp-content\/uploads\/2014\/12\/Inscription.jpeg\" alt=\"\" width=\"176\" height=\"120\" class=\"size-full wp-image-2384\" \/><figcaption id=\"caption-attachment-2384\" class=\"wp-caption-text\">inscriptions le 9 sept 15h-19h<\/figcaption><\/figure>Nous vous invitons \u00e0 renouveler votre adh\u00e9sion et \u00e0 vous inscrire aux cours et ateliers qui vous int\u00e9ressent lors de notre <strong>journ\u00e9e d&rsquo;inscriptions le 9 septembre<\/strong> \u00e0 la biblioth\u00e8que d&rsquo;Aigaliers entre 15h00 et 19h00.  Plusieurs animatrices et animateurs seront pr\u00e9sents pour vous informer. <\/p>\n<p>L&rsquo;Aphyllanthe propose, tout le monde le sait, des tarifs exceptionnels pour plusieurs de ses activit\u00e9s.  Ne ratez pas votre chance &#8211; inscrivez vous rapidement. <\/p>\n<p>Voir <a href=\"http:\/\/www.aphyllanthe.fr\/association\/activites-hebdomadaires\/\" target=\"_blank\">le programme des activit\u00e9s hebdomadaires ici<\/a>. Et voir <a href=\"http:\/\/www.aphyllanthe.fr\/association\/programme-de-randonnee-sept-a-dec-2017\/\" target=\"_blank\">le programme de la randonn\u00e9e ici.<\/a> <\/p>\n","protected":false},"excerpt":{"rendered":"<p>La rentr\u00e9e 2017 approche \u00e0 grands pas. A l&rsquo;Aphyllanthe nous n&rsquo;avons pas ch\u00f4m\u00e9 pendant l\u2019\u00e9t\u00e9. Nous avons pr\u00e9par\u00e9 un programme sympa et complet pour nos adh\u00e9rents. Il y a un programme d&rsquo;activit\u00e9s hebdomadaires comportant de nouveaux ateliers pour enfants et adultes (arts plastiques et jardin musical). Pour ce dernier, nous renouvelons avec une ancienne tradition &hellip; <a href=\"https:\/\/www.aphyllanthe.fr\/association\/bientot-la-rentree\/\" class=\"more-link\">Continuer la lecture de <span class=\"screen-reader-text\">Bient\u00f4t la rentr\u00e9e<\/span>  <span class=\"meta-nav\">&rarr;<\/span><\/a><\/p>\n","protected":false},"author":1,"featured_media":0,"comment_status":"closed","ping_status":"closed","sticky":false,"template":"","format":"standard","meta":{"footnotes":""},"categories":[4],"tags":[],"class_list":["post-6179","post","type-post","status-publish","format-standard","hentry","category-annonce"],"_links":{"self":[{"href":"https:\/\/www.aphyllanthe.fr\/association\/wp-json\/wp\/v2\/posts\/6179","targetHints":{"allow":["GET"]}}],"collection":[{"href":"https:\/\/www.aphyllanthe.fr\/association\/wp-json\/wp\/v2\/posts"}],"about":[{"href":"https:\/\/www.aphyllanthe.fr\/association\/wp-json\/wp\/v2\/types\/post"}],"author":[{"embeddable":true,"href":"https:\/\/www.aphyllanthe.fr\/association\/wp-json\/wp\/v2\/users\/1"}],"replies":[{"embeddable":true,"href":"https:\/\/www.aphyllanthe.fr\/association\/wp-json\/wp\/v2\/comments?post=6179"}],"version-history":[{"count":0,"href":"https:\/\/www.aphyllanthe.fr\/association\/wp-json\/wp\/v2\/posts\/6179\/revisions"}],"wp:attachment":[{"href":"https:\/\/www.aphyllanthe.fr\/association\/wp-json\/wp\/v2\/media?parent=6179"}],"wp:term":[{"taxonomy":"category","embeddable":true,"href":"https:\/\/www.aphyllanthe.fr\/association\/wp-json\/wp\/v2\/categories?post=6179"},{"taxonomy":"post_tag","embeddable":true,"href":"https:\/\/www.aphyllanthe.fr\/association\/wp-json\/wp\/v2\/tags?post=6179"}],"curies":[{"name":"wp","href":"https:\/\/api.w.org\/{rel}","templated":true}]}}