{"id":6222,"date":"2017-09-11T10:44:03","date_gmt":"2017-09-11T09:44:03","guid":{"rendered":"http:\/\/www.aphyllanthe.fr\/association\/?p=6222"},"modified":"2017-09-13T15:57:12","modified_gmt":"2017-09-13T14:57:12","slug":"bonne-frequentation-aux-portes-ouvertes","status":"publish","type":"post","link":"https:\/\/www.aphyllanthe.fr\/association\/bonne-frequentation-aux-portes-ouvertes\/","title":{"rendered":"Bonne fr\u00e9quentation aux portes ouvertes"},"content":{"rendered":"<p><figure id=\"attachment_6218\" aria-describedby=\"caption-attachment-6218\" style=\"width: 300px\" class=\"wp-caption alignleft\"><img loading=\"lazy\" decoding=\"async\" src=\"http:\/\/www.aphyllanthe.fr\/association\/wp-content\/uploads\/2017\/09\/journee-des-inscriptions-2017-002-300x225.jpg\" alt=\"apprendre l&#039;anglais en s&#039;amusant\" width=\"300\" height=\"225\" class=\"size-medium wp-image-6218\" srcset=\"https:\/\/www.aphyllanthe.fr\/association\/wp-content\/uploads\/2017\/09\/journee-des-inscriptions-2017-002-300x225.jpg 300w, https:\/\/www.aphyllanthe.fr\/association\/wp-content\/uploads\/2017\/09\/journee-des-inscriptions-2017-002-768x577.jpg 768w, https:\/\/www.aphyllanthe.fr\/association\/wp-content\/uploads\/2017\/09\/journee-des-inscriptions-2017-002-600x450.jpg 600w, https:\/\/www.aphyllanthe.fr\/association\/wp-content\/uploads\/2017\/09\/journee-des-inscriptions-2017-002.jpg 1023w\" sizes=\"auto, (max-width: 300px) 100vw, 300px\" \/><figcaption id=\"caption-attachment-6218\" class=\"wp-caption-text\">apprendre l&rsquo;anglais en s&rsquo;amusant<\/figcaption><\/figure>L&rsquo;Association a tenu sa journ\u00e9e des inscriptions le 2017 samedi 9 septembre \u00e0 la biblioth\u00e8que d&rsquo;Aigaliers. Un bon nombre de nouveaux adh\u00e9rents se sont inscrits pour les activit\u00e9s hebdomadaires et les premi\u00e8res sorties de l&rsquo;automne. La sortie Sardinade a \u00e9t\u00e9 tr\u00e8s pris\u00e9e de m\u00eame que les cours de gym. Les nouvelles animatrices des ateliers de chant et d&rsquo;arts plastiques \u00e9taient en pr\u00e9sence pour r\u00e9pondre aux questions.  <!--more--><\/p>\n<div id='gallery-1' class='gallery galleryid-6222 gallery-columns-2 gallery-size-large'><figure class='gallery-item'>\n\t\t\t<div class='gallery-icon landscape'>\n\t\t\t\t<a href='https:\/\/www.aphyllanthe.fr\/association\/wp-content\/uploads\/2017\/09\/journee-des-inscriptions-2017-005.jpg'><img loading=\"lazy\" decoding=\"async\" width=\"474\" height=\"356\" src=\"https:\/\/www.aphyllanthe.fr\/association\/wp-content\/uploads\/2017\/09\/journee-des-inscriptions-2017-005.jpg\" class=\"attachment-large size-large\" alt=\"heure de pointe \u00e0 la biblioth\u00e8que\" aria-describedby=\"gallery-1-6221\" srcset=\"https:\/\/www.aphyllanthe.fr\/association\/wp-content\/uploads\/2017\/09\/journee-des-inscriptions-2017-005.jpg 1023w, https:\/\/www.aphyllanthe.fr\/association\/wp-content\/uploads\/2017\/09\/journee-des-inscriptions-2017-005-300x225.jpg 300w, https:\/\/www.aphyllanthe.fr\/association\/wp-content\/uploads\/2017\/09\/journee-des-inscriptions-2017-005-768x577.jpg 768w, https:\/\/www.aphyllanthe.fr\/association\/wp-content\/uploads\/2017\/09\/journee-des-inscriptions-2017-005-600x450.jpg 600w\" sizes=\"auto, (max-width: 474px) 100vw, 474px\" \/><\/a>\n\t\t\t<\/div>\n\t\t\t\t<figcaption class='wp-caption-text gallery-caption' id='gallery-1-6221'>\n\t\t\t\theure de pointe \u00e0 la biblioth\u00e8que\n\t\t\t\t<\/figcaption><\/figure><figure class='gallery-item'>\n\t\t\t<div class='gallery-icon landscape'>\n\t\t\t\t<a href='https:\/\/www.aphyllanthe.fr\/association\/wp-content\/uploads\/2017\/09\/journee-des-inscriptions-2017-004.jpg'><img loading=\"lazy\" decoding=\"async\" width=\"474\" height=\"356\" src=\"https:\/\/www.aphyllanthe.fr\/association\/wp-content\/uploads\/2017\/09\/journee-des-inscriptions-2017-004.jpg\" class=\"attachment-large size-large\" alt=\"animateur du cours d&#039;anglais\" aria-describedby=\"gallery-1-6220\" srcset=\"https:\/\/www.aphyllanthe.fr\/association\/wp-content\/uploads\/2017\/09\/journee-des-inscriptions-2017-004.jpg 1023w, https:\/\/www.aphyllanthe.fr\/association\/wp-content\/uploads\/2017\/09\/journee-des-inscriptions-2017-004-300x225.jpg 300w, https:\/\/www.aphyllanthe.fr\/association\/wp-content\/uploads\/2017\/09\/journee-des-inscriptions-2017-004-768x577.jpg 768w, https:\/\/www.aphyllanthe.fr\/association\/wp-content\/uploads\/2017\/09\/journee-des-inscriptions-2017-004-600x450.jpg 600w\" sizes=\"auto, (max-width: 474px) 100vw, 474px\" \/><\/a>\n\t\t\t<\/div>\n\t\t\t\t<figcaption class='wp-caption-text gallery-caption' id='gallery-1-6220'>\n\t\t\t\tanimateur du cours d&rsquo;anglais\n\t\t\t\t<\/figcaption><\/figure><figure class='gallery-item'>\n\t\t\t<div class='gallery-icon landscape'>\n\t\t\t\t<a href='https:\/\/www.aphyllanthe.fr\/association\/wp-content\/uploads\/2017\/09\/journee-des-inscriptions-2017-003.jpg'><img loading=\"lazy\" decoding=\"async\" width=\"474\" height=\"356\" src=\"https:\/\/www.aphyllanthe.fr\/association\/wp-content\/uploads\/2017\/09\/journee-des-inscriptions-2017-003.jpg\" class=\"attachment-large size-large\" alt=\"discussions autour d&#039;un caf\u00e9\" aria-describedby=\"gallery-1-6219\" srcset=\"https:\/\/www.aphyllanthe.fr\/association\/wp-content\/uploads\/2017\/09\/journee-des-inscriptions-2017-003.jpg 1023w, https:\/\/www.aphyllanthe.fr\/association\/wp-content\/uploads\/2017\/09\/journee-des-inscriptions-2017-003-300x225.jpg 300w, https:\/\/www.aphyllanthe.fr\/association\/wp-content\/uploads\/2017\/09\/journee-des-inscriptions-2017-003-768x577.jpg 768w, https:\/\/www.aphyllanthe.fr\/association\/wp-content\/uploads\/2017\/09\/journee-des-inscriptions-2017-003-600x450.jpg 600w\" sizes=\"auto, (max-width: 474px) 100vw, 474px\" \/><\/a>\n\t\t\t<\/div>\n\t\t\t\t<figcaption class='wp-caption-text gallery-caption' id='gallery-1-6219'>\n\t\t\t\tdiscussions autour d&rsquo;un caf\u00e9\n\t\t\t\t<\/figcaption><\/figure><figure class='gallery-item'>\n\t\t\t<div class='gallery-icon landscape'>\n\t\t\t\t<a href='https:\/\/www.aphyllanthe.fr\/association\/wp-content\/uploads\/2017\/09\/journee-des-inscriptions-2017-001.jpg'><img loading=\"lazy\" decoding=\"async\" width=\"474\" height=\"356\" src=\"https:\/\/www.aphyllanthe.fr\/association\/wp-content\/uploads\/2017\/09\/journee-des-inscriptions-2017-001.jpg\" class=\"attachment-large size-large\" alt=\"discussions tous azimuts\" aria-describedby=\"gallery-1-6217\" srcset=\"https:\/\/www.aphyllanthe.fr\/association\/wp-content\/uploads\/2017\/09\/journee-des-inscriptions-2017-001.jpg 1023w, https:\/\/www.aphyllanthe.fr\/association\/wp-content\/uploads\/2017\/09\/journee-des-inscriptions-2017-001-300x225.jpg 300w, https:\/\/www.aphyllanthe.fr\/association\/wp-content\/uploads\/2017\/09\/journee-des-inscriptions-2017-001-768x577.jpg 768w, https:\/\/www.aphyllanthe.fr\/association\/wp-content\/uploads\/2017\/09\/journee-des-inscriptions-2017-001-600x450.jpg 600w\" sizes=\"auto, (max-width: 474px) 100vw, 474px\" \/><\/a>\n\t\t\t<\/div>\n\t\t\t\t<figcaption class='wp-caption-text gallery-caption' id='gallery-1-6217'>\n\t\t\t\tdiscussions tous azimuts\n\t\t\t\t<\/figcaption><\/figure>\n\t\t<\/div>\n\n<p>Le nouvel animateur des cours d&rsquo;anglais propos\u00e9s dans le cadre du programme CLAS \u00e9tait aussi pr\u00e9sent pour faire une d\u00e9monstration de ses m\u00e9thodes p\u00e9dagogiques. Plusieurs membres du CA et du Bureau, les responsables des activit\u00e9s ponctuelles, de la randonn\u00e9e et de la biblioth\u00e8que \u00e9taient aussi en pr\u00e9sence. C&rsquo;\u00e9tait un beau d\u00e9but de l&rsquo;ann\u00e9e scolaire pour l&rsquo;Association. <\/p>\n<p>Certaines activit\u00e9s hebdomadaires ont d\u00e9j\u00e0 commenc\u00e9 (ex. tricot-th\u00e9, randonn\u00e9e) mais la plupart des activit\u00e9s reprennent \u00e0 partir de la semaine du 18 septembre. Des personnes int\u00e9ress\u00e9es peuvent toujours s&rsquo;inscrire en se pr\u00e9sentant \u00e0 la biblioth\u00e8que aux heures de permanence.<\/p>\n","protected":false},"excerpt":{"rendered":"<p>L&rsquo;Association a tenu sa journ\u00e9e des inscriptions le 2017 samedi 9 septembre \u00e0 la biblioth\u00e8que d&rsquo;Aigaliers. Un bon nombre de nouveaux adh\u00e9rents se sont inscrits pour les activit\u00e9s hebdomadaires et les premi\u00e8res sorties de l&rsquo;automne. La sortie Sardinade a \u00e9t\u00e9 tr\u00e8s pris\u00e9e de m\u00eame que les cours de gym. Les nouvelles animatrices des ateliers de &hellip; <a href=\"https:\/\/www.aphyllanthe.fr\/association\/bonne-frequentation-aux-portes-ouvertes\/\" class=\"more-link\">Continuer la lecture de <span class=\"screen-reader-text\">Bonne fr\u00e9quentation aux portes ouvertes<\/span>  <span class=\"meta-nav\">&rarr;<\/span><\/a><\/p>\n","protected":false},"author":1,"featured_media":0,"comment_status":"closed","ping_status":"closed","sticky":false,"template":"","format":"standard","meta":{"footnotes":""},"categories":[3],"tags":[],"class_list":["post-6222","post","type-post","status-publish","format-standard","hentry","category-reportage"],"_links":{"self":[{"href":"https:\/\/www.aphyllanthe.fr\/association\/wp-json\/wp\/v2\/posts\/6222","targetHints":{"allow":["GET"]}}],"collection":[{"href":"https:\/\/www.aphyllanthe.fr\/association\/wp-json\/wp\/v2\/posts"}],"about":[{"href":"https:\/\/www.aphyllanthe.fr\/association\/wp-json\/wp\/v2\/types\/post"}],"author":[{"embeddable":true,"href":"https:\/\/www.aphyllanthe.fr\/association\/wp-json\/wp\/v2\/users\/1"}],"replies":[{"embeddable":true,"href":"https:\/\/www.aphyllanthe.fr\/association\/wp-json\/wp\/v2\/comments?post=6222"}],"version-history":[{"count":0,"href":"https:\/\/www.aphyllanthe.fr\/association\/wp-json\/wp\/v2\/posts\/6222\/revisions"}],"wp:attachment":[{"href":"https:\/\/www.aphyllanthe.fr\/association\/wp-json\/wp\/v2\/media?parent=6222"}],"wp:term":[{"taxonomy":"category","embeddable":true,"href":"https:\/\/www.aphyllanthe.fr\/association\/wp-json\/wp\/v2\/categories?post=6222"},{"taxonomy":"post_tag","embeddable":true,"href":"https:\/\/www.aphyllanthe.fr\/association\/wp-json\/wp\/v2\/tags?post=6222"}],"curies":[{"name":"wp","href":"https:\/\/api.w.org\/{rel}","templated":true}]}}