{"id":6254,"date":"2017-09-14T13:46:20","date_gmt":"2017-09-14T12:46:20","guid":{"rendered":"http:\/\/www.aphyllanthe.fr\/association\/?p=6254"},"modified":"2017-09-18T09:34:41","modified_gmt":"2017-09-18T08:34:41","slug":"une-sardinade-en-mer","status":"publish","type":"post","link":"https:\/\/www.aphyllanthe.fr\/association\/une-sardinade-en-mer\/","title":{"rendered":"Une sardinade en mer"},"content":{"rendered":"<p><figure id=\"attachment_6259\" aria-describedby=\"caption-attachment-6259\" style=\"width: 300px\" class=\"wp-caption alignleft\"><img loading=\"lazy\" decoding=\"async\" src=\"http:\/\/www.aphyllanthe.fr\/association\/wp-content\/uploads\/2017\/09\/sardinade-300x225.jpg\" alt=\"sardinade en mer\" width=\"300\" height=\"225\" class=\"size-medium wp-image-6259\" srcset=\"https:\/\/www.aphyllanthe.fr\/association\/wp-content\/uploads\/2017\/09\/sardinade-300x225.jpg 300w, https:\/\/www.aphyllanthe.fr\/association\/wp-content\/uploads\/2017\/09\/sardinade-768x576.jpg 768w, https:\/\/www.aphyllanthe.fr\/association\/wp-content\/uploads\/2017\/09\/sardinade-600x450.jpg 600w, https:\/\/www.aphyllanthe.fr\/association\/wp-content\/uploads\/2017\/09\/sardinade.jpg 800w\" sizes=\"auto, (max-width: 300px) 100vw, 300px\" \/><figcaption id=\"caption-attachment-6259\" class=\"wp-caption-text\">sardinade en mer<\/figcaption><\/figure>L&rsquo;Association l&rsquo;Aphyllanthe vous propose, le dimanche 24 septembre, une sortie in\u00e9dite \u00e0 partir de Palavas-les-Flots : <strong>une \u00ab\u00a0sardinade en mer\u00a0\u00bb<\/strong> sur <a href=\"http:\/\/www.bateaumikael.com\" target=\"_blank\" title=\"s'ouvre dans un nouvel onglet\">le bateau catamaran Mika\u00ebl II<\/a>, un navire de promenade en mer, stable et confortable. <!--more--><\/p>\n<p>La sardinade en mer, c\u2019est une promenade en mer comment\u00e9e afin de d\u00e9couvrir la c\u00f4te vue du large, promenade agr\u00e9ment\u00e9e d\u2019une sangria de bienvenue et de biscuits ap\u00e9ritifs, d&rsquo;eau min\u00e9rale, de jus de fruits et d&rsquo;un buffet-repas. Nous jetterons l\u2019ancre \u00e0 un endroit propice \u00e0 la d\u00e9tente afin de d\u00e9guster le menu du Capitaine sous la forme d\u2019un buffet \u00e0 volont\u00e9 avec la sp\u00e9cialit\u00e9 \u00ab Sardines au barbecue \u00e0 bord \u00bb accompagn\u00e9e de salades de taboul\u00e9, pain, beurre, fromage et fruits de saison et le tout arros\u00e9 (raisonnablement) de \u00ab Vins de Pays provenance du Trinquier \u00bb, rouge et ros\u00e9. Le tout \u00e0 volont\u00e9. <\/p>\n<p>L\u2019ambiance musicale est assur\u00e9e par notre Capitaine et animateur. Vous pourrez rire, danser en toute convivialit\u00e9.<\/p>\n<p><strong>Conditions<\/strong><\/p>\n<p><figure id=\"attachment_6258\" aria-describedby=\"caption-attachment-6258\" style=\"width: 300px\" class=\"wp-caption alignright\"><img loading=\"lazy\" decoding=\"async\" src=\"http:\/\/www.aphyllanthe.fr\/association\/wp-content\/uploads\/2017\/09\/bateau-mikael-II-300x211.jpg\" alt=\"le catamaran Mikael II\" width=\"300\" height=\"211\" class=\"size-medium wp-image-6258\" srcset=\"https:\/\/www.aphyllanthe.fr\/association\/wp-content\/uploads\/2017\/09\/bateau-mikael-II-300x211.jpg 300w, https:\/\/www.aphyllanthe.fr\/association\/wp-content\/uploads\/2017\/09\/bateau-mikael-II-768x540.jpg 768w, https:\/\/www.aphyllanthe.fr\/association\/wp-content\/uploads\/2017\/09\/bateau-mikael-II-600x422.jpg 600w, https:\/\/www.aphyllanthe.fr\/association\/wp-content\/uploads\/2017\/09\/bateau-mikael-II.jpg 853w\" sizes=\"auto, (max-width: 300px) 100vw, 300px\" \/><figcaption id=\"caption-attachment-6258\" class=\"wp-caption-text\">le catamaran Mikael II<\/figcaption><\/figure><em><strong>Date :<\/strong><\/em> dimanche 24 septembre 2017<br \/>\n<em><strong>Heure de rdv :<\/strong><\/em> 12h15, pour un d\u00e9part pr\u00e9vu \u00e0 12h30<br \/>\n<em><strong>Lieu de rdv :<\/strong><\/em> quai Paul Cunq \u00e0 34250 Palavas-les-Flots (en face du Casino de Palavas)<br \/>\n<em><strong>Dur\u00e9e :<\/strong><\/em>  3 heures et retour \u00e0 quai vers 15h30<\/p>\n<table>\n<tr>\n<th>Tarifs (buffet inclus)<\/th>\n<th>adh\u00e9rents<\/th>\n<th>non-adh\u00e9rents<\/th>\n<\/tr>\n<tr>\n<td>Adultes<\/td>\n<td>23 \u20ac<\/td>\n<td>28 \u20ac<\/td>\n<\/tr>\n<tr>\n<td>Enfants<br \/><em>(moins de 12 ans)<\/em><\/td>\n<td>10 \u20ac<\/td>\n<td>15 \u20ac<\/td>\n<\/tr>\n<\/table>\n<p><em><strong>R\u00e9servations :<\/strong><\/em> R\u00e8glement exig\u00e9 pour confirmer la r\u00e9servation. Il ne sera pas possible de payer sur place. Si vous ne pouvez pas passer \u00e0 la biblioth\u00e8que lors des heures d&rsquo;ouverture, vous pouvez laisser votre ch\u00e8que dans notre bo\u00eete aux lettres devant la mairie d&rsquo;Aigaliers ou nous l&rsquo;envoyer par la poste. <a href=\"http:\/\/www.aphyllanthe.fr\/association\/accueil\/\">(Nos coordonn\u00e9es.)<\/a><\/p>\n<p><em><strong>Important \u00e0 savoir :<\/strong><\/em><\/p>\n<ul>\n<li>La sortie ne sera assur\u00e9e que si nous sommes un minimum de 30. Si nous sommes moins de ce nombre la sortie sera annul\u00e9e.<\/li>\n<li>En cas de mauvais temps, la m\u00e9t\u00e9o \u00e9tant connue 3 jours avant, la sortie sera annul\u00e9e.<\/li>\n<li>En cas d&rsquo;annulation pour l&rsquo;une ou l&rsquo;autre des ces raisons votre ch\u00e8que de r\u00e9servation sera restitu\u00e9.<\/li>\n<li>En cas d&rsquo;annulation, vous serez pr\u00e9venu par SMS si vous nous avez laiss\u00e9 votre num\u00e9ro de portable. <\/li>\n<\/ul>\n<p><em><strong>Renseignements :<\/strong><\/em> Lydie (06 89 69 85 55; <a href=\"mailto:lydie.krause@orange.fr\" title=\"cliquez pour envoyer un courriel\">lydie.krause@orange.fr<\/a>) ou V\u00e9ronique (06 72 87 03 58; <a href=\"mailto:veronique.peron30@orange.fr\" title=\"cliquez pour envoyer un courriel\">veronique.peron30@orange.fr<\/a>)<\/p>\n","protected":false},"excerpt":{"rendered":"<p>L&rsquo;Association l&rsquo;Aphyllanthe vous propose, le dimanche 24 septembre, une sortie in\u00e9dite \u00e0 partir de Palavas-les-Flots : une \u00ab\u00a0sardinade en mer\u00a0\u00bb sur le bateau catamaran Mika\u00ebl II, un navire de promenade en mer, stable et confortable.<\/p>\n","protected":false},"author":1,"featured_media":0,"comment_status":"closed","ping_status":"closed","sticky":false,"template":"","format":"standard","meta":{"footnotes":""},"categories":[4],"tags":[],"class_list":["post-6254","post","type-post","status-publish","format-standard","hentry","category-annonce"],"_links":{"self":[{"href":"https:\/\/www.aphyllanthe.fr\/association\/wp-json\/wp\/v2\/posts\/6254","targetHints":{"allow":["GET"]}}],"collection":[{"href":"https:\/\/www.aphyllanthe.fr\/association\/wp-json\/wp\/v2\/posts"}],"about":[{"href":"https:\/\/www.aphyllanthe.fr\/association\/wp-json\/wp\/v2\/types\/post"}],"author":[{"embeddable":true,"href":"https:\/\/www.aphyllanthe.fr\/association\/wp-json\/wp\/v2\/users\/1"}],"replies":[{"embeddable":true,"href":"https:\/\/www.aphyllanthe.fr\/association\/wp-json\/wp\/v2\/comments?post=6254"}],"version-history":[{"count":0,"href":"https:\/\/www.aphyllanthe.fr\/association\/wp-json\/wp\/v2\/posts\/6254\/revisions"}],"wp:attachment":[{"href":"https:\/\/www.aphyllanthe.fr\/association\/wp-json\/wp\/v2\/media?parent=6254"}],"wp:term":[{"taxonomy":"category","embeddable":true,"href":"https:\/\/www.aphyllanthe.fr\/association\/wp-json\/wp\/v2\/categories?post=6254"},{"taxonomy":"post_tag","embeddable":true,"href":"https:\/\/www.aphyllanthe.fr\/association\/wp-json\/wp\/v2\/tags?post=6254"}],"curies":[{"name":"wp","href":"https:\/\/api.w.org\/{rel}","templated":true}]}}