{"id":626,"date":"2014-12-18T14:30:11","date_gmt":"2014-12-18T13:30:11","guid":{"rendered":"http:\/\/www.aphyllanthe.fr\/association\/?p=626"},"modified":"2016-07-09T14:16:00","modified_gmt":"2016-07-09T13:16:00","slug":"nouvel-arrivage-de-dvd","status":"publish","type":"post","link":"https:\/\/www.aphyllanthe.fr\/association\/nouvel-arrivage-de-dvd\/","title":{"rendered":"Nouvel arrivage de DVD"},"content":{"rendered":"<p><figure id=\"attachment_629\" aria-describedby=\"caption-attachment-629\" style=\"width: 300px\" class=\"wp-caption aligncenter\"><a href=\"http:\/\/www.aphyllanthe.fr\/association\/wp-content\/uploads\/2014\/12\/bienvenue-chez-les-chtis.jpg\"><img loading=\"lazy\" decoding=\"async\" src=\"http:\/\/www.aphyllanthe.fr\/association\/wp-content\/uploads\/2014\/12\/bienvenue-chez-les-chtis-300x142.jpg\" alt=\"publicit\u00e9 pour le film &quot;Bienvenue chez les Ch&#039;tis&quot;\" width=\"300\" height=\"142\" class=\"size-medium wp-image-629\" srcset=\"https:\/\/www.aphyllanthe.fr\/association\/wp-content\/uploads\/2014\/12\/bienvenue-chez-les-chtis-300x142.jpg 300w, https:\/\/www.aphyllanthe.fr\/association\/wp-content\/uploads\/2014\/12\/bienvenue-chez-les-chtis-600x284.jpg 600w, https:\/\/www.aphyllanthe.fr\/association\/wp-content\/uploads\/2014\/12\/bienvenue-chez-les-chtis.jpg 728w\" sizes=\"auto, (max-width: 300px) 100vw, 300px\" \/><\/a><figcaption id=\"caption-attachment-629\" class=\"wp-caption-text\">publicit\u00e9 pour le film \u00ab\u00a0Bienvenue chez les Ch&#8217;tis\u00a0\u00bb<\/figcaption><\/figure>Gr\u00e2ce \u00e0 la coop\u00e9ration avec le DLL du Gard, la biblioth\u00e8que d&rsquo;Aigaliers peut proposer le pr\u00eat de DVDs avec une collection renouvel\u00e9e tous les 3 mois.   La nouvelle collection vient d&rsquo;arriver lundi 15 d\u00e9cembre. <\/p>\n<p>Le pr\u00eat est gratuit, moyennant le versement d&rsquo;une caution.  Toutes les infos en appelant 04 6622 1020 aux heures d&rsquo;ouverture de la biblioth\u00e8que. (horaire)\/bibliotheque\/<br \/>\n<figure id=\"attachment_630\" aria-describedby=\"caption-attachment-630\" style=\"width: 474px\" class=\"wp-caption aligncenter\"><a href=\"http:\/\/www.aphyllanthe.fr\/association\/wp-content\/uploads\/2014\/12\/choristes-01.jpg\"><img loading=\"lazy\" decoding=\"async\" src=\"http:\/\/www.aphyllanthe.fr\/association\/wp-content\/uploads\/2014\/12\/choristes-01-1024x435.jpg\" alt=\"extrait du film &quot;les Choristes&quot;\" width=\"474\" height=\"201\" class=\"size-large wp-image-630\" srcset=\"https:\/\/www.aphyllanthe.fr\/association\/wp-content\/uploads\/2014\/12\/choristes-01-1024x435.jpg 1024w, https:\/\/www.aphyllanthe.fr\/association\/wp-content\/uploads\/2014\/12\/choristes-01-300x127.jpg 300w, https:\/\/www.aphyllanthe.fr\/association\/wp-content\/uploads\/2014\/12\/choristes-01-600x255.jpg 600w, https:\/\/www.aphyllanthe.fr\/association\/wp-content\/uploads\/2014\/12\/choristes-01.jpg 1920w\" sizes=\"auto, (max-width: 474px) 100vw, 474px\" \/><\/a><figcaption id=\"caption-attachment-630\" class=\"wp-caption-text\">extrait du film \u00ab\u00a0les Choristes\u00a0\u00bb<\/figcaption><\/figure><br \/>\nParmi les dvds notables de cette collection, il y a des films r\u00e9cents \u00e0 grand succ\u00e8s comme \u00ab\u00a0Bienvenue chez les Ch&#8217;tis\u00a0\u00bb  et \u00ab\u00a0les Choristes\u00a0\u00bb.  Pensez \u00e0 les sortir avant midi le 24 d\u00e9cembre pour pouvoir en profiter pendant les f\u00eates car la biblioth\u00e8que sera ferm\u00e9e entre no\u00ebl et le jour de l&rsquo;An. <\/p>\n<p><a href=\"http:\/\/www.aphyllanthe.fr\/association\/pdf\/dvd\/dvd-2014-12.pdf\">Consulter la liste<\/a><\/p>\n","protected":false},"excerpt":{"rendered":"<p>Gr\u00e2ce \u00e0 la coop\u00e9ration avec le DLL du Gard, la biblioth\u00e8que d&rsquo;Aigaliers peut proposer le pr\u00eat de DVDs avec une collection renouvel\u00e9e tous les 3 mois. La nouvelle collection vient d&rsquo;arriver lundi 15 d\u00e9cembre. Le pr\u00eat est gratuit, moyennant le versement d&rsquo;une caution. Toutes les infos en appelant 04 6622 1020 aux heures d&rsquo;ouverture de &hellip; <a href=\"https:\/\/www.aphyllanthe.fr\/association\/nouvel-arrivage-de-dvd\/\" class=\"more-link\">Continuer la lecture de <span class=\"screen-reader-text\">Nouvel arrivage de DVD<\/span>  <span class=\"meta-nav\">&rarr;<\/span><\/a><\/p>\n","protected":false},"author":1,"featured_media":0,"comment_status":"closed","ping_status":"open","sticky":false,"template":"","format":"standard","meta":{"footnotes":""},"categories":[2],"tags":[],"class_list":["post-626","post","type-post","status-publish","format-standard","hentry","category-chronique-bibliotheque"],"_links":{"self":[{"href":"https:\/\/www.aphyllanthe.fr\/association\/wp-json\/wp\/v2\/posts\/626","targetHints":{"allow":["GET"]}}],"collection":[{"href":"https:\/\/www.aphyllanthe.fr\/association\/wp-json\/wp\/v2\/posts"}],"about":[{"href":"https:\/\/www.aphyllanthe.fr\/association\/wp-json\/wp\/v2\/types\/post"}],"author":[{"embeddable":true,"href":"https:\/\/www.aphyllanthe.fr\/association\/wp-json\/wp\/v2\/users\/1"}],"replies":[{"embeddable":true,"href":"https:\/\/www.aphyllanthe.fr\/association\/wp-json\/wp\/v2\/comments?post=626"}],"version-history":[{"count":0,"href":"https:\/\/www.aphyllanthe.fr\/association\/wp-json\/wp\/v2\/posts\/626\/revisions"}],"wp:attachment":[{"href":"https:\/\/www.aphyllanthe.fr\/association\/wp-json\/wp\/v2\/media?parent=626"}],"wp:term":[{"taxonomy":"category","embeddable":true,"href":"https:\/\/www.aphyllanthe.fr\/association\/wp-json\/wp\/v2\/categories?post=626"},{"taxonomy":"post_tag","embeddable":true,"href":"https:\/\/www.aphyllanthe.fr\/association\/wp-json\/wp\/v2\/tags?post=626"}],"curies":[{"name":"wp","href":"https:\/\/api.w.org\/{rel}","templated":true}]}}