{"id":6272,"date":"2017-09-14T14:59:52","date_gmt":"2017-09-14T13:59:52","guid":{"rendered":"http:\/\/www.aphyllanthe.fr\/association\/?p=6272"},"modified":"2017-09-14T15:09:30","modified_gmt":"2017-09-14T14:09:30","slug":"cafe-philo-le-samedi-23-septembre","status":"publish","type":"post","link":"https:\/\/www.aphyllanthe.fr\/association\/cafe-philo-le-samedi-23-septembre\/","title":{"rendered":"Caf\u00e9-philo le samedi 23 septembre"},"content":{"rendered":"<figure id=\"attachment_562\" aria-describedby=\"caption-attachment-562\" style=\"width: 200px\" class=\"wp-caption alignleft\"><a href=\"http:\/\/www.aphyllanthe.fr\/association\/wp-content\/uploads\/2014\/12\/guyard-04.jpg\"><img loading=\"lazy\" decoding=\"async\" class=\"size-medium wp-image-562\" src=\"http:\/\/www.aphyllanthe.fr\/association\/wp-content\/uploads\/2014\/12\/guyard-04-300x193.jpg\" alt=\"l'auteur et philosophe Alain Guyard\" width=\"200\" height=\"130\" srcset=\"https:\/\/www.aphyllanthe.fr\/association\/wp-content\/uploads\/2014\/12\/guyard-04-300x193.jpg 300w, https:\/\/www.aphyllanthe.fr\/association\/wp-content\/uploads\/2014\/12\/guyard-04.jpg 607w\" sizes=\"auto, (max-width: 200px) 100vw, 200px\" \/><\/a><figcaption id=\"caption-attachment-562\" class=\"wp-caption-text\">l&rsquo;auteur et philosophe Alain Guyard<\/figcaption><\/figure>\n<p>L&rsquo;Aphyllanthe vous propose une soir\u00e9e d&rsquo;humour et de r\u00e9flexion avec l&rsquo;auteur et philosophe Alain Guyard. Th\u00e8me de la soir\u00e9e :<br \/>\n<span style=\"font-size: 1.3em; color: #11b0c1;\">\u00ab\u00a0Comment b\u00e9tonner la d\u00e9mocratie tout en d\u00e9molissant la R\u00e9publique&nbsp;?\u00a0\u00bb<\/span><br \/>\n<!--more--><br \/>\nA d\u00e9faut d&rsquo;\u00eatre d&rsquo;accord avec lui, vous pourriez toujours d\u00e9battre. C&rsquo;est m\u00eame le but de l&rsquo;exercice ! <\/p>\n<div style=\"clear: both;\"><\/div>\n<p><strong>Lieu<\/strong> : Salle Andr\u00e9 Meynier d&rsquo;Aigaliers. <a href=\"https:\/\/www.google.fr\/maps\/dir\/\/44.0588608,4.3210621\/@44.0586642,4.3193669,17z?hl=fr\" target=\"_blank\">S&rsquo;y rendre.<\/a><br \/>\n<strong>Heure<\/strong> : ouverture des portes : 20h30 ; d\u00e9but de spectacle : 21h00<br \/>\n<strong>Buvette<\/strong> : Avant et apr\u00e8s le spectacle.<br \/>\n<strong>Tarif<\/strong> : 7 \u20ac <em>(gratuit pour les moins de 18 ans)<\/em>.<br \/>\n<strong>Renseignements<\/strong> : T\u00e9l. Aphyllanthe 04 66 22 10 20.<\/p>\n","protected":false},"excerpt":{"rendered":"<p>L&rsquo;Aphyllanthe vous propose une soir\u00e9e d&rsquo;humour et de r\u00e9flexion avec l&rsquo;auteur et philosophe Alain Guyard. Th\u00e8me de la soir\u00e9e : \u00ab\u00a0Comment b\u00e9tonner la d\u00e9mocratie tout en d\u00e9molissant la R\u00e9publique&nbsp;?\u00a0\u00bb<\/p>\n","protected":false},"author":1,"featured_media":0,"comment_status":"closed","ping_status":"closed","sticky":false,"template":"","format":"standard","meta":{"footnotes":""},"categories":[4],"tags":[],"class_list":["post-6272","post","type-post","status-publish","format-standard","hentry","category-annonce"],"_links":{"self":[{"href":"https:\/\/www.aphyllanthe.fr\/association\/wp-json\/wp\/v2\/posts\/6272","targetHints":{"allow":["GET"]}}],"collection":[{"href":"https:\/\/www.aphyllanthe.fr\/association\/wp-json\/wp\/v2\/posts"}],"about":[{"href":"https:\/\/www.aphyllanthe.fr\/association\/wp-json\/wp\/v2\/types\/post"}],"author":[{"embeddable":true,"href":"https:\/\/www.aphyllanthe.fr\/association\/wp-json\/wp\/v2\/users\/1"}],"replies":[{"embeddable":true,"href":"https:\/\/www.aphyllanthe.fr\/association\/wp-json\/wp\/v2\/comments?post=6272"}],"version-history":[{"count":0,"href":"https:\/\/www.aphyllanthe.fr\/association\/wp-json\/wp\/v2\/posts\/6272\/revisions"}],"wp:attachment":[{"href":"https:\/\/www.aphyllanthe.fr\/association\/wp-json\/wp\/v2\/media?parent=6272"}],"wp:term":[{"taxonomy":"category","embeddable":true,"href":"https:\/\/www.aphyllanthe.fr\/association\/wp-json\/wp\/v2\/categories?post=6272"},{"taxonomy":"post_tag","embeddable":true,"href":"https:\/\/www.aphyllanthe.fr\/association\/wp-json\/wp\/v2\/tags?post=6272"}],"curies":[{"name":"wp","href":"https:\/\/api.w.org\/{rel}","templated":true}]}}