{"id":6316,"date":"2017-09-18T14:37:08","date_gmt":"2017-09-18T13:37:08","guid":{"rendered":"http:\/\/www.aphyllanthe.fr\/association\/?p=6316"},"modified":"2017-09-21T14:38:22","modified_gmt":"2017-09-21T13:38:22","slug":"aquarelles-le-reportage","status":"publish","type":"post","link":"https:\/\/www.aphyllanthe.fr\/association\/aquarelles-le-reportage\/","title":{"rendered":"Aquarelles &#8211; le reportage"},"content":{"rendered":"<p><figure id=\"attachment_6336\" aria-describedby=\"caption-attachment-6336\" style=\"width: 300px\" class=\"wp-caption alignleft\"><img loading=\"lazy\" decoding=\"async\" src=\"http:\/\/www.aphyllanthe.fr\/association\/wp-content\/uploads\/2017\/09\/aquarelle-groupe-300x225.jpg\" alt=\"les stagiares et le peintre\" width=\"300\" height=\"225\" class=\"size-medium wp-image-6336\" srcset=\"https:\/\/www.aphyllanthe.fr\/association\/wp-content\/uploads\/2017\/09\/aquarelle-groupe-300x225.jpg 300w, https:\/\/www.aphyllanthe.fr\/association\/wp-content\/uploads\/2017\/09\/aquarelle-groupe-768x576.jpg 768w, https:\/\/www.aphyllanthe.fr\/association\/wp-content\/uploads\/2017\/09\/aquarelle-groupe-600x450.jpg 600w, https:\/\/www.aphyllanthe.fr\/association\/wp-content\/uploads\/2017\/09\/aquarelle-groupe.jpg 1000w\" sizes=\"auto, (max-width: 300px) 100vw, 300px\" \/><figcaption id=\"caption-attachment-6336\" class=\"wp-caption-text\">les stagiares et le peintre<\/figcaption><\/figure>Onze adh\u00e9rents se sont retrouv\u00e9s, pour un deuxi\u00e8me stage d&rsquo;initiation \u00e0 l&rsquo;aquarelle, chez Bernard V\u00f6llmy \u00e0 Gattigues, ce dimanche 17 septembre. C&rsquo;est avec beaucoup de gentillesse, de patience et d&rsquo;exp\u00e9rience qu&rsquo;il  nous a fait d\u00e9couvrir les techniques de cette peinture. Tout le mat\u00e9riel n\u00e9cessaire \u00e9tait pr\u00eat \u00e0 notre arriv\u00e9e et apr\u00e8s un petit th\u00e9 ou caf\u00e9 nous n&rsquo;avons eu plus qu&rsquo;\u00e0 suivre les indications de l&rsquo;artiste.<br \/>\n<!--more--><\/p>\n<p><figure id=\"attachment_6335\" aria-describedby=\"caption-attachment-6335\" style=\"width: 300px\" class=\"wp-caption alignright\"><img loading=\"lazy\" decoding=\"async\" src=\"http:\/\/www.aphyllanthe.fr\/association\/wp-content\/uploads\/2017\/09\/aquarelle-concentration-300x225.jpg\" alt=\"en pleine concentration au stage aquarelle\" width=\"300\" height=\"225\" class=\"size-medium wp-image-6335\" srcset=\"https:\/\/www.aphyllanthe.fr\/association\/wp-content\/uploads\/2017\/09\/aquarelle-concentration-300x225.jpg 300w, https:\/\/www.aphyllanthe.fr\/association\/wp-content\/uploads\/2017\/09\/aquarelle-concentration-768x576.jpg 768w, https:\/\/www.aphyllanthe.fr\/association\/wp-content\/uploads\/2017\/09\/aquarelle-concentration-600x450.jpg 600w, https:\/\/www.aphyllanthe.fr\/association\/wp-content\/uploads\/2017\/09\/aquarelle-concentration.jpg 1000w\" sizes=\"auto, (max-width: 300px) 100vw, 300px\" \/><figcaption id=\"caption-attachment-6335\" class=\"wp-caption-text\">en pleine concentration au stage aquarelle<\/figcaption><\/figure>Cette fois-ci nous avons pu r\u00e9aliser deux aquarelles : un village se d\u00e9tachant sur un ciel en fin de journ\u00e9e, et, des roseaux devant un lac avec une for\u00eat en arri\u00e8re plan. La progression s&rsquo;est faite en quatre \u00e9tapes et notre professeur nous a accompagn\u00e9s pas \u00e0 pas pour arriver au bout de nos \u00ab\u00a0\u0153uvres\u00a0\u00bb. La journ\u00e9e s&rsquo;est pass\u00e9e dans une ambiance tr\u00e8s conviviale et agr\u00e9able avec  des moments de grande concentration mais toujours dans la bonne humeur. N&rsquo;oublions pas le temps festif du repas avec ap\u00e9ritif et dessert offerts par Bernard et sa famille et le partage du repas, tir\u00e9 du sac, entre tous. Un grand merci \u00e0 Bernard et sa famille pour leur accueil.<\/p>\n<p><a href=\"https:\/\/photos.app.goo.gl\/s0kMLrQeU6sy5TGW2\" rel=\"noopener\" target=\"_blank\">Cliquez pour voir l&rsquo;album photo de la journ\u00e9e.<\/a><\/p>\n","protected":false},"excerpt":{"rendered":"<p>Onze adh\u00e9rents se sont retrouv\u00e9s, pour un deuxi\u00e8me stage d&rsquo;initiation \u00e0 l&rsquo;aquarelle, chez Bernard V\u00f6llmy \u00e0 Gattigues, ce dimanche 17 septembre. C&rsquo;est avec beaucoup de gentillesse, de patience et d&rsquo;exp\u00e9rience qu&rsquo;il nous a fait d\u00e9couvrir les techniques de cette peinture. Tout le mat\u00e9riel n\u00e9cessaire \u00e9tait pr\u00eat \u00e0 notre arriv\u00e9e et apr\u00e8s un petit th\u00e9 ou &hellip; <a href=\"https:\/\/www.aphyllanthe.fr\/association\/aquarelles-le-reportage\/\" class=\"more-link\">Continuer la lecture de <span class=\"screen-reader-text\">Aquarelles &#8211; le reportage<\/span>  <span class=\"meta-nav\">&rarr;<\/span><\/a><\/p>\n","protected":false},"author":1,"featured_media":0,"comment_status":"closed","ping_status":"closed","sticky":false,"template":"","format":"standard","meta":{"footnotes":""},"categories":[3,100],"tags":[],"class_list":["post-6316","post","type-post","status-publish","format-standard","hentry","category-reportage","category-travaux-manuels"],"_links":{"self":[{"href":"https:\/\/www.aphyllanthe.fr\/association\/wp-json\/wp\/v2\/posts\/6316","targetHints":{"allow":["GET"]}}],"collection":[{"href":"https:\/\/www.aphyllanthe.fr\/association\/wp-json\/wp\/v2\/posts"}],"about":[{"href":"https:\/\/www.aphyllanthe.fr\/association\/wp-json\/wp\/v2\/types\/post"}],"author":[{"embeddable":true,"href":"https:\/\/www.aphyllanthe.fr\/association\/wp-json\/wp\/v2\/users\/1"}],"replies":[{"embeddable":true,"href":"https:\/\/www.aphyllanthe.fr\/association\/wp-json\/wp\/v2\/comments?post=6316"}],"version-history":[{"count":0,"href":"https:\/\/www.aphyllanthe.fr\/association\/wp-json\/wp\/v2\/posts\/6316\/revisions"}],"wp:attachment":[{"href":"https:\/\/www.aphyllanthe.fr\/association\/wp-json\/wp\/v2\/media?parent=6316"}],"wp:term":[{"taxonomy":"category","embeddable":true,"href":"https:\/\/www.aphyllanthe.fr\/association\/wp-json\/wp\/v2\/categories?post=6316"},{"taxonomy":"post_tag","embeddable":true,"href":"https:\/\/www.aphyllanthe.fr\/association\/wp-json\/wp\/v2\/tags?post=6316"}],"curies":[{"name":"wp","href":"https:\/\/api.w.org\/{rel}","templated":true}]}}