{"id":6342,"date":"2017-09-26T17:34:34","date_gmt":"2017-09-26T16:34:34","guid":{"rendered":"http:\/\/www.aphyllanthe.fr\/association\/?p=6342"},"modified":"2017-09-26T17:34:34","modified_gmt":"2017-09-26T16:34:34","slug":"soiree-philo","status":"publish","type":"post","link":"https:\/\/www.aphyllanthe.fr\/association\/soiree-philo\/","title":{"rendered":"Soir\u00e9e philo"},"content":{"rendered":"<p><figure id=\"attachment_6344\" aria-describedby=\"caption-attachment-6344\" style=\"width: 300px\" class=\"wp-caption alignleft\"><img loading=\"lazy\" decoding=\"async\" src=\"http:\/\/www.aphyllanthe.fr\/association\/wp-content\/uploads\/2017\/09\/DSC_0328-300x200.jpg\" alt=\"soir\u00e9e caf\u00e9-philo, sept 2017\" width=\"300\" height=\"200\" class=\"size-medium wp-image-6344\" srcset=\"https:\/\/www.aphyllanthe.fr\/association\/wp-content\/uploads\/2017\/09\/DSC_0328-300x200.jpg 300w, https:\/\/www.aphyllanthe.fr\/association\/wp-content\/uploads\/2017\/09\/DSC_0328-768x512.jpg 768w, https:\/\/www.aphyllanthe.fr\/association\/wp-content\/uploads\/2017\/09\/DSC_0328-1024x683.jpg 1024w, https:\/\/www.aphyllanthe.fr\/association\/wp-content\/uploads\/2017\/09\/DSC_0328-600x400.jpg 600w, https:\/\/www.aphyllanthe.fr\/association\/wp-content\/uploads\/2017\/09\/DSC_0328.jpg 1152w\" sizes=\"auto, (max-width: 300px) 100vw, 300px\" \/><figcaption id=\"caption-attachment-6344\" class=\"wp-caption-text\">soir\u00e9e caf\u00e9-philo, sept 2017<\/figcaption><\/figure>Ce samedi 23 septembre l&rsquo;Aphyllanthe a renou\u00e9 avec la tradition du caf\u00e9 philo. Une quarantaine de personnes se sont retrouv\u00e9es \u00e0 la salle des f\u00eates d&rsquo;Aigaliers, pour une soir\u00e9e avec le philosophe Alain Guyard. <!--more--><\/p>\n<p>Avec sa gouaille habituelle et son humour, il a captiv\u00e9 son auditoire, en nous parlant de : comment b\u00e9tonner la d\u00e9mocratie tout en d\u00e9molissant la r\u00e9publique. Pendant la pause, chacun a pu profiter des boissons et petites pr\u00e9parations culinaires proposer \u00e0 la buvette. Pour finir, un d\u00e9bat convivial entre le public et Alain Guyard a prolong\u00e9 son intervention.<br \/>\n<div id='gallery-1' class='gallery galleryid-6342 gallery-columns-5 gallery-size-thumbnail'><figure class='gallery-item'>\n\t\t\t<div class='gallery-icon landscape'>\n\t\t\t\t<a href='https:\/\/www.aphyllanthe.fr\/association\/wp-content\/uploads\/2017\/09\/DSC_0336.jpg'><img loading=\"lazy\" decoding=\"async\" width=\"150\" height=\"150\" src=\"https:\/\/www.aphyllanthe.fr\/association\/wp-content\/uploads\/2017\/09\/DSC_0336-150x150.jpg\" class=\"attachment-thumbnail size-thumbnail\" alt=\"caf\u00e9-philo avec Alain Guyard\" aria-describedby=\"gallery-1-6351\" \/><\/a>\n\t\t\t<\/div>\n\t\t\t\t<figcaption class='wp-caption-text gallery-caption' id='gallery-1-6351'>\n\t\t\t\tcaf\u00e9-philo avec Alain Guyard\n\t\t\t\t<\/figcaption><\/figure><figure class='gallery-item'>\n\t\t\t<div class='gallery-icon landscape'>\n\t\t\t\t<a href='https:\/\/www.aphyllanthe.fr\/association\/wp-content\/uploads\/2017\/09\/DSC_0335.jpg'><img loading=\"lazy\" decoding=\"async\" width=\"150\" height=\"150\" src=\"https:\/\/www.aphyllanthe.fr\/association\/wp-content\/uploads\/2017\/09\/DSC_0335-150x150.jpg\" class=\"attachment-thumbnail size-thumbnail\" alt=\"caf\u00e9-philo avec Alain Guyard sept 2017\" aria-describedby=\"gallery-1-6350\" \/><\/a>\n\t\t\t<\/div>\n\t\t\t\t<figcaption class='wp-caption-text gallery-caption' id='gallery-1-6350'>\n\t\t\t\tcaf\u00e9-philo avec Alain Guyard sept 2017\n\t\t\t\t<\/figcaption><\/figure><figure class='gallery-item'>\n\t\t\t<div class='gallery-icon landscape'>\n\t\t\t\t<a href='https:\/\/www.aphyllanthe.fr\/association\/wp-content\/uploads\/2017\/09\/DSC_0334.jpg'><img loading=\"lazy\" decoding=\"async\" width=\"150\" height=\"150\" src=\"https:\/\/www.aphyllanthe.fr\/association\/wp-content\/uploads\/2017\/09\/DSC_0334-150x150.jpg\" class=\"attachment-thumbnail size-thumbnail\" alt=\"caf\u00e9-philo avec Alain Guyard sept 2017\" aria-describedby=\"gallery-1-6349\" \/><\/a>\n\t\t\t<\/div>\n\t\t\t\t<figcaption class='wp-caption-text gallery-caption' id='gallery-1-6349'>\n\t\t\t\tcaf\u00e9-philo avec Alain Guyard sept 2017\n\t\t\t\t<\/figcaption><\/figure><figure class='gallery-item'>\n\t\t\t<div class='gallery-icon landscape'>\n\t\t\t\t<a href='https:\/\/www.aphyllanthe.fr\/association\/wp-content\/uploads\/2017\/09\/DSC_0333.jpg'><img loading=\"lazy\" decoding=\"async\" width=\"150\" height=\"150\" src=\"https:\/\/www.aphyllanthe.fr\/association\/wp-content\/uploads\/2017\/09\/DSC_0333-150x150.jpg\" class=\"attachment-thumbnail size-thumbnail\" alt=\"caf\u00e9-philo avec Alain Guyard sept 2017\" aria-describedby=\"gallery-1-6348\" \/><\/a>\n\t\t\t<\/div>\n\t\t\t\t<figcaption class='wp-caption-text gallery-caption' id='gallery-1-6348'>\n\t\t\t\tcaf\u00e9-philo avec Alain Guyard sept 2017\n\t\t\t\t<\/figcaption><\/figure><figure class='gallery-item'>\n\t\t\t<div class='gallery-icon landscape'>\n\t\t\t\t<a href='https:\/\/www.aphyllanthe.fr\/association\/wp-content\/uploads\/2017\/09\/DSC_0330.jpg'><img loading=\"lazy\" decoding=\"async\" width=\"150\" height=\"150\" src=\"https:\/\/www.aphyllanthe.fr\/association\/wp-content\/uploads\/2017\/09\/DSC_0330-150x150.jpg\" class=\"attachment-thumbnail size-thumbnail\" alt=\"caf\u00e9-philo avec Alain Guyard sept 2017\" aria-describedby=\"gallery-1-6347\" \/><\/a>\n\t\t\t<\/div>\n\t\t\t\t<figcaption class='wp-caption-text gallery-caption' id='gallery-1-6347'>\n\t\t\t\tcaf\u00e9-philo avec Alain Guyard sept 2017\n\t\t\t\t<\/figcaption><\/figure>\n\t\t<\/div>\n<\/p>\n","protected":false},"excerpt":{"rendered":"<p>Ce samedi 23 septembre l&rsquo;Aphyllanthe a renou\u00e9 avec la tradition du caf\u00e9 philo. Une quarantaine de personnes se sont retrouv\u00e9es \u00e0 la salle des f\u00eates d&rsquo;Aigaliers, pour une soir\u00e9e avec le philosophe Alain Guyard.<\/p>\n","protected":false},"author":1,"featured_media":0,"comment_status":"closed","ping_status":"closed","sticky":false,"template":"","format":"standard","meta":{"footnotes":""},"categories":[3],"tags":[],"class_list":["post-6342","post","type-post","status-publish","format-standard","hentry","category-reportage"],"_links":{"self":[{"href":"https:\/\/www.aphyllanthe.fr\/association\/wp-json\/wp\/v2\/posts\/6342","targetHints":{"allow":["GET"]}}],"collection":[{"href":"https:\/\/www.aphyllanthe.fr\/association\/wp-json\/wp\/v2\/posts"}],"about":[{"href":"https:\/\/www.aphyllanthe.fr\/association\/wp-json\/wp\/v2\/types\/post"}],"author":[{"embeddable":true,"href":"https:\/\/www.aphyllanthe.fr\/association\/wp-json\/wp\/v2\/users\/1"}],"replies":[{"embeddable":true,"href":"https:\/\/www.aphyllanthe.fr\/association\/wp-json\/wp\/v2\/comments?post=6342"}],"version-history":[{"count":0,"href":"https:\/\/www.aphyllanthe.fr\/association\/wp-json\/wp\/v2\/posts\/6342\/revisions"}],"wp:attachment":[{"href":"https:\/\/www.aphyllanthe.fr\/association\/wp-json\/wp\/v2\/media?parent=6342"}],"wp:term":[{"taxonomy":"category","embeddable":true,"href":"https:\/\/www.aphyllanthe.fr\/association\/wp-json\/wp\/v2\/categories?post=6342"},{"taxonomy":"post_tag","embeddable":true,"href":"https:\/\/www.aphyllanthe.fr\/association\/wp-json\/wp\/v2\/tags?post=6342"}],"curies":[{"name":"wp","href":"https:\/\/api.w.org\/{rel}","templated":true}]}}