{"id":648,"date":"2014-10-28T13:43:56","date_gmt":"2014-10-28T12:43:56","guid":{"rendered":"http:\/\/www.aphyllanthe.fr\/association\/?p=648"},"modified":"2015-05-22T22:01:19","modified_gmt":"2015-05-22T21:01:19","slug":"lectures-de-la-rentree-2014","status":"publish","type":"post","link":"https:\/\/www.aphyllanthe.fr\/association\/lectures-de-la-rentree-2014\/","title":{"rendered":"Bonnes id\u00e9es de lecture pour la rentr\u00e9e 2014"},"content":{"rendered":"<p>Les amateurs de bons livres de l&rsquo;Association ont lu plein de livres et vous proposent leurs choix de lectures pour cette rentr\u00e9e. Ces livres sont disponibles \u00e0 la biblioth\u00e8que d&rsquo;Aigaliers.<br \/>\n<a href=\"http:\/\/www.aphyllanthe.fr\/association\/bibliotheque\/recherche-de-livres\/\">Cliquer pour v\u00e9rifier la disponibilit\u00e9 par recherche directe dans la base de donn\u00e9es.<\/a><\/p>\n<p><a href=\"http:\/\/www.aphyllanthe.fr\/association\/wp-content\/uploads\/2014\/12\/linvention-de-nos-vies.jpg\"><img loading=\"lazy\" decoding=\"async\" class=\"alignleft size-thumbnail wp-image-660\" src=\"http:\/\/www.aphyllanthe.fr\/association\/wp-content\/uploads\/2014\/12\/linvention-de-nos-vies-150x150.jpg\" alt=\"l'invention de  nos vies de K Tuil\" width=\"150\" height=\"150\" \/><\/a><em>L&rsquo;invention de nos vies, de Karine Tuil.<\/em><br \/>\nCe roman, \u00e9trange par son \u00e9criture et fascinant par son sujet, nous d\u00e9crit l&rsquo;imposture d&rsquo;une vie par un homme, brillant avocat, aux origines tr\u00e8s modestes, dont l&rsquo;ambition est sans limite. Nous suivons son parcours et son ascension jusqu&rsquo;au sommet social et professionnel, enferm\u00e9 dans ses mensonges aux prises d&rsquo;une addiction dont il ne lui est plus possible de se d\u00e9faire. Plus rien ne semble l&rsquo;arr\u00eater, ni la vie lui refuser. Quelle en sera la chute finale ? Quel rouage li\u00e9 \u00e0 notre histoire contemporaine viendra enrayer l&rsquo;\u00e9quilibre tr\u00e8s ma\u00eetris\u00e9 qu&rsquo;il s&rsquo;est si bien construit ?<!--more--><\/p>\n<p><a href=\"http:\/\/www.aphyllanthe.fr\/association\/wp-content\/uploads\/2014\/12\/Vertiges.jpg\"><img loading=\"lazy\" decoding=\"async\" class=\"alignleft size-thumbnail wp-image-664\" src=\"http:\/\/www.aphyllanthe.fr\/association\/wp-content\/uploads\/2014\/12\/Vertiges-109x150.jpg\" alt=\"Vertiges\" width=\"109\" height=\"150\" \/><\/a><em>Vertiges, de Lionel Duroy<\/em><br \/>\nApr\u00e8s l\u2019odyss\u00e9e d\u00e9sastreuse de sa famille sur fond de l\u2019histoire en marche de 1940 \u00e0 aujourd\u2019hui, Duroy rumine son Chagrin, titre d&rsquo;un pr\u00e9c\u00e9dent roman, et nous entra\u00eene dans les m\u00e9andres des sentiments de son h\u00e9ros miroir pour ses femmes successives qui croisent constamment l\u2019image de sa relation manqu\u00e9e avec sa m\u00e8re et cogne toujours sur son incapacit\u00e9 \u00e0 r\u00e9ussir sa vie. De roman en roman, la recherche des mots et la pr\u00e9cision des d\u00e9tails engendrent une certaine monotonie&#8230; d&rsquo;o\u00f9 une ambiance dans laquelle on finit par se plaire, voire se complaire. Un excellent roman !<\/p>\n<p><a href=\"http:\/\/www.aphyllanthe.fr\/association\/wp-content\/uploads\/2014\/12\/Et-puis-Paulette.jpg\"><img loading=\"lazy\" decoding=\"async\" class=\"alignleft size-thumbnail wp-image-654\" src=\"http:\/\/www.aphyllanthe.fr\/association\/wp-content\/uploads\/2014\/12\/Et-puis-Paulette-110x150.jpg\" alt=\"Et puis Paulette de B Constantine\" width=\"110\" height=\"150\" \/><\/a><em>Et puis Paulette, de Barbara Constantine<\/em><br \/>\nFerdinand vit seul dans sa grande ferme vide et cela ne le rend pas forc\u00e9ment joyeux. De fil en aiguille, la ferme va se remplir, s&rsquo;agiter et recommencer \u00e0 fonctionner : un ami d&rsquo;enfance devenu veuf, deux vieilles femmes affol\u00e9es, des \u00e9tudiants un peu pauvres, un amour naissant, des animaux qui viennent cohabiter dans la maison de Ferdinand. Des gens simples qui s\u2019entraident, qui se respectent. Voici un livre agr\u00e9able \u00e0 lire, positif, montrant que la solidarit\u00e9 interg\u00e9n\u00e9rationnelle peut exister et qu\u2019il est possible de rebondir dans la vie, m\u00eame apr\u00e8s des trag\u00e9dies.<\/p>\n<p><a href=\"http:\/\/www.aphyllanthe.fr\/association\/wp-content\/uploads\/2014\/12\/le-Po\u00e8te.jpg\"><img loading=\"lazy\" decoding=\"async\" class=\"alignleft size-thumbnail wp-image-657\" src=\"http:\/\/www.aphyllanthe.fr\/association\/wp-content\/uploads\/2014\/12\/le-Po\u00e8te-107x150.jpg\" alt=\"le Po\u00e8te de M Connelly\" width=\"107\" height=\"150\" \/><\/a><em>Le Po\u00e8te, de Michael Connelly<\/em><br \/>\nUn journaliste, fr\u00e8re jumeau d&rsquo;un policier, n&rsquo;accepte pas le suicide de ce dernier et se lance dans des investigations qui laissent \u00e0 penser qu&rsquo;un tueur de flics particuli\u00e8rement redoutable est en train de s\u00e9vir. Une enqu\u00eate qui vous tient sous pression tout au long de ce passionnant roman policier.<\/p>\n<p><a href=\"http:\/\/www.aphyllanthe.fr\/association\/wp-content\/uploads\/2014\/12\/Nuits-denfer.jpg\"><img loading=\"lazy\" decoding=\"async\" class=\"alignleft size-thumbnail wp-image-661\" src=\"http:\/\/www.aphyllanthe.fr\/association\/wp-content\/uploads\/2014\/12\/Nuits-denfer-150x150.jpg\" alt=\"Nuits d'enfer de Sandford\" width=\"150\" height=\"150\" \/><\/a><em>Nuits d&rsquo;enfer, de John Sandford<\/em><br \/>\nUne \u00e9quipe de tournage freelance qui parcourt Los Angeles \u00e0 la recherche d&rsquo;un scoop filme un suicide en direct. Anna, qui dirige l&rsquo;\u00e9quipe, se trouve prise dans une spirale infernale et devient la cible d&rsquo;un inqui\u00e9tant criminel. Roman policier haletant pour les passionn\u00e9s du genre.<\/p>\n<p><a href=\"http:\/\/www.aphyllanthe.fr\/association\/wp-content\/uploads\/2014\/12\/le-Myst\u00e8re-de-Greenwood.jpg\"><img loading=\"lazy\" decoding=\"async\" class=\"alignleft size-thumbnail wp-image-656\" src=\"http:\/\/www.aphyllanthe.fr\/association\/wp-content\/uploads\/2014\/12\/le-Myst\u00e8re-de-Greenwood-150x150.jpg\" alt=\"le Myst\u00e8re de Greenwood\" width=\"150\" height=\"150\" \/><\/a><em>Le myst\u00e8re de Greenwood, de Malika Ferdjoukh<\/em><br \/>\nPour les 8-9 ans. Un roman d&rsquo;action et de suspens \u00e0 vous couper le souffle ! A Greenwood, plus personne n&rsquo;ose mettre le nez dehors \u00e0 la tomb\u00e9e de la nuit. Une myst\u00e9rieuse cr\u00e9ature a d\u00e9j\u00e0 tu\u00e9 un braconnier et plusieurs animaux, laissant des marques de griffes si profondes que, pour les villageois, il ne peut s\u2019agir que d&rsquo;un monstre. A glagla !<\/p>\n<p><a href=\"http:\/\/www.aphyllanthe.fr\/association\/wp-content\/uploads\/2014\/12\/Peggy-Sue-et-les-fant\u00f4mes.jpg\"><img loading=\"lazy\" decoding=\"async\" class=\"alignleft size-thumbnail wp-image-662\" src=\"http:\/\/www.aphyllanthe.fr\/association\/wp-content\/uploads\/2014\/12\/Peggy-Sue-et-les-fant\u00f4mes-109x150.jpg\" alt=\"Peggy Sue et les fant\u00f4mes\" width=\"109\" height=\"150\" \/><\/a><em>Peggy Sue et les fant\u00f4mes, de Brussolo<\/em><br \/>\nPour les adolescents. Nous avons plusieurs livres de la m\u00eame s\u00e9rie. Sebastian, l&rsquo;adolescent qu&rsquo;une mal\u00e9diction condamne \u00e0 tomber en poussi\u00e8re d\u00e8s qu&rsquo;il a soif, a d\u00e9cid\u00e9 de redevenir un v\u00e9ritable \u00eatre humain. Pour que ce prodige s&rsquo;accomplisse, il se rend au bout du monde chez un \u00e9trange m\u00e9decin dont personne n&rsquo;a jamais vu le visage et qui vit enferm\u00e9 dans un ch\u00e2teau abandonn\u00e9 derri\u00e8re une muraille sans porte. Halloween avant l&rsquo;heure !<\/p>\n<p><a href=\"http:\/\/www.aphyllanthe.fr\/association\/wp-content\/uploads\/2014\/12\/Comment-survivre-en-famille.jpg\"><img loading=\"lazy\" decoding=\"async\" class=\"alignleft size-thumbnail wp-image-652\" src=\"http:\/\/www.aphyllanthe.fr\/association\/wp-content\/uploads\/2014\/12\/Comment-survivre-en-famille-150x150.jpg\" alt=\"Comment survivre en famille\" width=\"150\" height=\"150\" \/><\/a><em>Comment survivre en famille, de C. Mathelin et B. Costa-Prades<\/em><br \/>\nVoila un excellent livre de psychologie \u00e0 faire lire \u00e0 vos ados. Mais oui ! car il leur explique comment \u00e9duquer leurs parents. Vous avez bien lu ! Nous, les parents, nous avons une foule de livres \u00e0 notre disposition pour nous aider \u00e0 \u00e9duquer nos enfants. Mais eux ? Ici, vos ados, en pleine crise, cela va de soi, trouveront mille et une astuces pour savoir comment vivre en famille sans trop de soucis. Ceci en r\u00e9pondant \u00e0 leurs questions du genre \u00ab\u00a0tu ne supportes plus ton fr\u00e8re, ta m\u00e8re te consid\u00e8re comme un petit&#8230;.et autres classiques\u00a0\u00bb, en leur donnant des conseils avis\u00e9s. S\u00e9r\u00e9nit\u00e9 familiale oblige!<\/p>\n<p><a href=\"http:\/\/www.aphyllanthe.fr\/association\/wp-content\/uploads\/2014\/12\/le-loup-qui-mangeait-nimporte-quoi.jpg\"><img loading=\"lazy\" decoding=\"async\" class=\"alignleft size-thumbnail wp-image-655\" src=\"http:\/\/www.aphyllanthe.fr\/association\/wp-content\/uploads\/2014\/12\/le-loup-qui-mangeait-nimporte-quoi-150x150.jpg\" alt=\"le loup qui mangeait n'importe quoi\" width=\"150\" height=\"150\" \/><\/a><em>Le loup qui mangeait n&rsquo;importe quoi, de C. Donner et M. Larcenet<\/em><br \/>\nQuand un loup sort du bois avec une vraie \u00ab\u00a0faim de loup\u00a0\u00bb, il engloutirait n&rsquo;importe quoi&#8230; au risque de devenir un loup qui rote, qui p\u00e8te et qui mange ses crottes de nez ! Les enfants adoreront cette histoire qui leur parle de ce loup sympathique plein de d\u00e9fauts amusants. Et les parents se r\u00e9galeront \u00e0 leur lire ce texte, car il est \u00e9crit en rimes&#8230; En prime, une fin de l&rsquo;histoire en forme de farce ! Et si vous rencontrez un jour ce loup, trouvez-lui une fin qui apaise sa faim.<\/p>\n<p><a href=\"http:\/\/www.aphyllanthe.fr\/association\/wp-content\/uploads\/2014\/12\/lesprit-boudoir.jpg\"><img loading=\"lazy\" decoding=\"async\" class=\"alignleft size-thumbnail wp-image-659\" src=\"http:\/\/www.aphyllanthe.fr\/association\/wp-content\/uploads\/2014\/12\/lesprit-boudoir-150x150.jpg\" alt=\"l'esprit boudoir\" width=\"150\" height=\"150\" \/><\/a><em>Esprit boudoir, de V. Gousse<\/em><br \/>\nDes mod\u00e8les de point de croix ravissants, raffin\u00e9s, si f\u00e9minins ! Vous ne pouvez qu&rsquo;y trouver votre bonheur ! Entrez vite dans cet univers en r\u00e9alisant de si jolis ouvrages. Plaisir assur\u00e9 !<\/p>\n<div style=\"clear: both;\"><\/div>\n<p><a href=\"http:\/\/www.aphyllanthe.fr\/association\/wp-content\/uploads\/2014\/12\/une-escapade-\u00e0-la-mer-avec-tilda.jpg\"><img loading=\"lazy\" decoding=\"async\" class=\"alignleft size-thumbnail wp-image-663\" src=\"http:\/\/www.aphyllanthe.fr\/association\/wp-content\/uploads\/2014\/12\/une-escapade-\u00e0-la-mer-avec-tilda-150x150.jpg\" alt=\"une escapade \u00e0 la mer avec tilda\" width=\"150\" height=\"150\" \/><\/a><em>Une escapade \u00e0 la mer avec Tilda, de Tona Finnanger<\/em><br \/>\nPlongez vous imm\u00e9diatement et surfez sur les vagues du bonheur en r\u00e9alisant les adorables petits travaux de couture que vous y trouverez. Tous les mod\u00e8les y sont ravissants !<\/p>\n<div style=\"clear: both;\"><\/div>\n<p><a href=\"http:\/\/www.aphyllanthe.fr\/association\/wp-content\/uploads\/2014\/12\/le-vampzomb-mordicus-sort-de-lombre.jpg\"><img loading=\"lazy\" decoding=\"async\" class=\"alignleft size-thumbnail wp-image-658\" src=\"http:\/\/www.aphyllanthe.fr\/association\/wp-content\/uploads\/2014\/12\/le-vampzomb-mordicus-sort-de-lombre-150x150.jpg\" alt=\"le vampzomb mordicus sort de l'ombre\" width=\"150\" height=\"150\" srcset=\"https:\/\/www.aphyllanthe.fr\/association\/wp-content\/uploads\/2014\/12\/le-vampzomb-mordicus-sort-de-lombre-150x150.jpg 150w, https:\/\/www.aphyllanthe.fr\/association\/wp-content\/uploads\/2014\/12\/le-vampzomb-mordicus-sort-de-lombre.jpg 225w\" sizes=\"auto, (max-width: 150px) 100vw, 150px\" \/><\/a><em>Le vampzomb Mordicus sort de l&rsquo;ombre, d&rsquo;Agn\u00e8s Soulez-Larivi\u00e8re-Mir\u00e9<\/em><br \/>\nUn soir, le vampzomb Mordicus, moiti\u00e9 vampire, moiti\u00e9 zombie, se d\u00e9cide \u00e0 quitter son douillet lit cercueil pour aller grignoter quelques orteils tendres et juteux. Mais le pauvre a mal choisi son jour : c&rsquo;est justement la nuit d&rsquo;Halloween&#8230; et sa soir\u00e9e ne va pas se d\u00e9rouler comme pr\u00e9vu ! Une histoire \u00e0 mourir de peur ? Non, \u00e0 mourir de rire ! A partir de 3 ans.<\/p>\n","protected":false},"excerpt":{"rendered":"<p>Les amateurs de bons livres de l&rsquo;Association ont lu plein de livres et vous proposent leurs choix de lectures pour cette rentr\u00e9e. Ces livres sont disponibles \u00e0 la biblioth\u00e8que d&rsquo;Aigaliers. Cliquer pour v\u00e9rifier la disponibilit\u00e9 par recherche directe dans la base de donn\u00e9es. L&rsquo;invention de nos vies, de Karine Tuil. Ce roman, \u00e9trange par son &hellip; <a href=\"https:\/\/www.aphyllanthe.fr\/association\/lectures-de-la-rentree-2014\/\" class=\"more-link\">Continuer la lecture de <span class=\"screen-reader-text\">Bonnes id\u00e9es de lecture pour la rentr\u00e9e 2014<\/span>  <span class=\"meta-nav\">&rarr;<\/span><\/a><\/p>\n","protected":false},"author":1,"featured_media":0,"comment_status":"closed","ping_status":"open","sticky":false,"template":"","format":"standard","meta":{"footnotes":""},"categories":[2],"tags":[],"class_list":["post-648","post","type-post","status-publish","format-standard","hentry","category-chronique-bibliotheque"],"_links":{"self":[{"href":"https:\/\/www.aphyllanthe.fr\/association\/wp-json\/wp\/v2\/posts\/648","targetHints":{"allow":["GET"]}}],"collection":[{"href":"https:\/\/www.aphyllanthe.fr\/association\/wp-json\/wp\/v2\/posts"}],"about":[{"href":"https:\/\/www.aphyllanthe.fr\/association\/wp-json\/wp\/v2\/types\/post"}],"author":[{"embeddable":true,"href":"https:\/\/www.aphyllanthe.fr\/association\/wp-json\/wp\/v2\/users\/1"}],"replies":[{"embeddable":true,"href":"https:\/\/www.aphyllanthe.fr\/association\/wp-json\/wp\/v2\/comments?post=648"}],"version-history":[{"count":0,"href":"https:\/\/www.aphyllanthe.fr\/association\/wp-json\/wp\/v2\/posts\/648\/revisions"}],"wp:attachment":[{"href":"https:\/\/www.aphyllanthe.fr\/association\/wp-json\/wp\/v2\/media?parent=648"}],"wp:term":[{"taxonomy":"category","embeddable":true,"href":"https:\/\/www.aphyllanthe.fr\/association\/wp-json\/wp\/v2\/categories?post=648"},{"taxonomy":"post_tag","embeddable":true,"href":"https:\/\/www.aphyllanthe.fr\/association\/wp-json\/wp\/v2\/tags?post=648"}],"curies":[{"name":"wp","href":"https:\/\/api.w.org\/{rel}","templated":true}]}}