{"id":6490,"date":"2017-11-19T16:47:34","date_gmt":"2017-11-19T15:47:34","guid":{"rendered":"http:\/\/www.aphyllanthe.fr\/association\/?p=6490"},"modified":"2017-11-19T16:48:23","modified_gmt":"2017-11-19T15:48:23","slug":"reportage-vacances-de-la-toussaint","status":"publish","type":"post","link":"https:\/\/www.aphyllanthe.fr\/association\/reportage-vacances-de-la-toussaint\/","title":{"rendered":"Reportage vacances de la Toussaint"},"content":{"rendered":"<p><strong>Grand succ\u00e8s pour deux des activit\u00e9s des vacances scolaires. <\/strong><\/p>\n<p><a href=\"http:\/\/www.aphyllanthe.fr\/association\/wp-content\/uploads\/2017\/11\/patinoire-2017-10-31-001-e1511105522637.jpg\"><img loading=\"lazy\" decoding=\"async\" src=\"http:\/\/www.aphyllanthe.fr\/association\/wp-content\/uploads\/2017\/11\/patinoire-2017-10-31-001-e1511105522637-300x169.jpg\" alt=\"\" width=\"300\" height=\"169\" class=\"alignleft size-medium wp-image-6481\" srcset=\"https:\/\/www.aphyllanthe.fr\/association\/wp-content\/uploads\/2017\/11\/patinoire-2017-10-31-001-e1511105522637-300x169.jpg 300w, https:\/\/www.aphyllanthe.fr\/association\/wp-content\/uploads\/2017\/11\/patinoire-2017-10-31-001-e1511105522637-768x432.jpg 768w, https:\/\/www.aphyllanthe.fr\/association\/wp-content\/uploads\/2017\/11\/patinoire-2017-10-31-001-e1511105522637-1024x576.jpg 1024w, https:\/\/www.aphyllanthe.fr\/association\/wp-content\/uploads\/2017\/11\/patinoire-2017-10-31-001-e1511105522637-600x338.jpg 600w, https:\/\/www.aphyllanthe.fr\/association\/wp-content\/uploads\/2017\/11\/patinoire-2017-10-31-001-e1511105522637-1320x743.jpg 1320w, https:\/\/www.aphyllanthe.fr\/association\/wp-content\/uploads\/2017\/11\/patinoire-2017-10-31-001-e1511105522637.jpg 1365w\" sizes=\"auto, (max-width: 300px) 100vw, 300px\" \/><\/a><em><strong>Sortie patinoire<\/strong><\/em><br \/>\nUne sortie patinoire figure r\u00e9guli\u00e8rement sur le programme des activit\u00e9s organis\u00e9 par l&rsquo;Aphyllanthe pour les vacances scolaires. Cette fois, la matin\u00e9e a r\u00e9uni 24 personnes, d\u00e9butants ou confirm\u00e9s, qui ont gliss\u00e9 avec bonheur sur la glace. Sylvie, la monitrice, apr\u00e8s un \u00e9chauffement et des mouvements d&rsquo;assouplissement, a entra\u00een\u00e9 le groupe sur la glace tout en dispensant ses conseils. <!--more--> Les plus petits n&rsquo;ont eu aucune appr\u00e9hension pour se lancer et, \u00e0 l&rsquo;aide de jolis phoques oranges et de petits traineaux en guise d&rsquo;appui, ont patin\u00e9 deux heures sans s&rsquo;arr\u00eater au milieu des glissades de plus en plus assur\u00e9es des plus grand. D&rsquo;ailleurs, les habitu\u00e9s manifestent beaucoup d&rsquo;entraide envers les moins aguerris. Vivement la prochaine sortie patinoire!<br \/>\n<!--more--><\/p>\n<div id='gallery-1' class='gallery galleryid-6490 gallery-columns-2 gallery-size-large'><figure class='gallery-item'>\n\t\t\t<div class='gallery-icon landscape'>\n\t\t\t\t<a href='https:\/\/www.aphyllanthe.fr\/association\/wp-content\/uploads\/2017\/11\/patinoire-2017-10-31-002-e1511105505451.jpg'><img loading=\"lazy\" decoding=\"async\" width=\"474\" height=\"267\" src=\"https:\/\/www.aphyllanthe.fr\/association\/wp-content\/uploads\/2017\/11\/patinoire-2017-10-31-002-e1511105505451-1024x576.jpg\" class=\"attachment-large size-large\" alt=\"\" srcset=\"https:\/\/www.aphyllanthe.fr\/association\/wp-content\/uploads\/2017\/11\/patinoire-2017-10-31-002-e1511105505451-1024x576.jpg 1024w, https:\/\/www.aphyllanthe.fr\/association\/wp-content\/uploads\/2017\/11\/patinoire-2017-10-31-002-e1511105505451-300x169.jpg 300w, https:\/\/www.aphyllanthe.fr\/association\/wp-content\/uploads\/2017\/11\/patinoire-2017-10-31-002-e1511105505451-768x432.jpg 768w, https:\/\/www.aphyllanthe.fr\/association\/wp-content\/uploads\/2017\/11\/patinoire-2017-10-31-002-e1511105505451-600x338.jpg 600w, https:\/\/www.aphyllanthe.fr\/association\/wp-content\/uploads\/2017\/11\/patinoire-2017-10-31-002-e1511105505451-1320x743.jpg 1320w, https:\/\/www.aphyllanthe.fr\/association\/wp-content\/uploads\/2017\/11\/patinoire-2017-10-31-002-e1511105505451.jpg 1365w\" sizes=\"auto, (max-width: 474px) 100vw, 474px\" \/><\/a>\n\t\t\t<\/div><\/figure><figure class='gallery-item'>\n\t\t\t<div class='gallery-icon landscape'>\n\t\t\t\t<a href='https:\/\/www.aphyllanthe.fr\/association\/wp-content\/uploads\/2017\/11\/patinoire-2017-10-31-003.jpg'><img loading=\"lazy\" decoding=\"async\" width=\"474\" height=\"267\" src=\"https:\/\/www.aphyllanthe.fr\/association\/wp-content\/uploads\/2017\/11\/patinoire-2017-10-31-003-1024x576.jpg\" class=\"attachment-large size-large\" alt=\"\" srcset=\"https:\/\/www.aphyllanthe.fr\/association\/wp-content\/uploads\/2017\/11\/patinoire-2017-10-31-003-1024x576.jpg 1024w, https:\/\/www.aphyllanthe.fr\/association\/wp-content\/uploads\/2017\/11\/patinoire-2017-10-31-003-300x169.jpg 300w, https:\/\/www.aphyllanthe.fr\/association\/wp-content\/uploads\/2017\/11\/patinoire-2017-10-31-003-768x432.jpg 768w, https:\/\/www.aphyllanthe.fr\/association\/wp-content\/uploads\/2017\/11\/patinoire-2017-10-31-003-600x338.jpg 600w, https:\/\/www.aphyllanthe.fr\/association\/wp-content\/uploads\/2017\/11\/patinoire-2017-10-31-003-1320x743.jpg 1320w, https:\/\/www.aphyllanthe.fr\/association\/wp-content\/uploads\/2017\/11\/patinoire-2017-10-31-003.jpg 1365w\" sizes=\"auto, (max-width: 474px) 100vw, 474px\" \/><\/a>\n\t\t\t<\/div><\/figure>\n\t\t<\/div>\n\n<p><a href=\"http:\/\/www.aphyllanthe.fr\/association\/wp-content\/uploads\/2017\/11\/stage-poney-2017-11-02-006-e1511105346151.jpg\"><img loading=\"lazy\" decoding=\"async\" src=\"http:\/\/www.aphyllanthe.fr\/association\/wp-content\/uploads\/2017\/11\/stage-poney-2017-11-02-006-e1511105346151-169x300.jpg\" alt=\"\" width=\"169\" height=\"300\" class=\"alignleft size-medium wp-image-6489\" srcset=\"https:\/\/www.aphyllanthe.fr\/association\/wp-content\/uploads\/2017\/11\/stage-poney-2017-11-02-006-e1511105346151-169x300.jpg 169w, https:\/\/www.aphyllanthe.fr\/association\/wp-content\/uploads\/2017\/11\/stage-poney-2017-11-02-006-e1511105346151.jpg 768w, https:\/\/www.aphyllanthe.fr\/association\/wp-content\/uploads\/2017\/11\/stage-poney-2017-11-02-006-e1511105346151-576x1024.jpg 576w, https:\/\/www.aphyllanthe.fr\/association\/wp-content\/uploads\/2017\/11\/stage-poney-2017-11-02-006-e1511105346151-600x1066.jpg 600w\" sizes=\"auto, (max-width: 169px) 100vw, 169px\" \/><\/a><em><strong>Stage Poney<\/strong><\/em><br \/>\nLe stage poney n&rsquo;a pas non plus d\u00e9menti son succ\u00e8s ! Se sont pr\u00e9sent\u00e9s au Club des Chim\u00e8res 18 apprentis cavaliers pour une matin\u00e9e d\u00e9couverte.  Apr\u00e8s un rappel des consignes, les moniteurs, Rom\u00e9o et S\u00e9bastien, ont fait brosser les poneys aux enfants avant de les seller, pour participer ensuite \u00e0 3 activit\u00e9s : une balade dans la garrigue, une activit\u00e9 dressage dans la carri\u00e8re, et, enfin, une activit\u00e9 voltige sur un cheval, cette fois. Trois heures plus tard, les enfants, ravis, sont r\u00e9partis vers l&rsquo;accueil pour cl\u00f4turer la matin\u00e9e, certains \u00e0 plusieurs sur le dos de Momo, alias Mosquito, avec lequel ils avaient galop\u00e9. L&rsquo;Association exprime un grand merci \u00e0 toute l&rsquo;\u00e9quipe des Chim\u00e8res pour sa gentillesse et son accueil&#8230; Merci aussi \u00e0  Caramel, Dakar&#8230; et tous les poneys du club !<br \/>\n<div id='gallery-2' class='gallery galleryid-6490 gallery-columns-5 gallery-size-thumbnail'><figure class='gallery-item'>\n\t\t\t<div class='gallery-icon landscape'>\n\t\t\t\t<a href='https:\/\/www.aphyllanthe.fr\/association\/wp-content\/uploads\/2017\/11\/stage-poney-2017-11-02-005-e1511105385631.jpg'><img loading=\"lazy\" decoding=\"async\" width=\"150\" height=\"150\" src=\"https:\/\/www.aphyllanthe.fr\/association\/wp-content\/uploads\/2017\/11\/stage-poney-2017-11-02-005-e1511105385631-150x150.jpg\" class=\"attachment-thumbnail size-thumbnail\" alt=\"\" \/><\/a>\n\t\t\t<\/div><\/figure><figure class='gallery-item'>\n\t\t\t<div class='gallery-icon landscape'>\n\t\t\t\t<a href='https:\/\/www.aphyllanthe.fr\/association\/wp-content\/uploads\/2017\/11\/stage-poney-2017-11-02-004.jpg'><img loading=\"lazy\" decoding=\"async\" width=\"150\" height=\"150\" src=\"https:\/\/www.aphyllanthe.fr\/association\/wp-content\/uploads\/2017\/11\/stage-poney-2017-11-02-004-150x150.jpg\" class=\"attachment-thumbnail size-thumbnail\" alt=\"\" \/><\/a>\n\t\t\t<\/div><\/figure><figure class='gallery-item'>\n\t\t\t<div class='gallery-icon landscape'>\n\t\t\t\t<a href='https:\/\/www.aphyllanthe.fr\/association\/wp-content\/uploads\/2017\/11\/stage-poney-2017-11-02-003-e1511105424774.jpg'><img loading=\"lazy\" decoding=\"async\" width=\"150\" height=\"150\" src=\"https:\/\/www.aphyllanthe.fr\/association\/wp-content\/uploads\/2017\/11\/stage-poney-2017-11-02-003-e1511105424774-150x150.jpg\" class=\"attachment-thumbnail size-thumbnail\" alt=\"\" \/><\/a>\n\t\t\t<\/div><\/figure><figure class='gallery-item'>\n\t\t\t<div class='gallery-icon landscape'>\n\t\t\t\t<a href='https:\/\/www.aphyllanthe.fr\/association\/wp-content\/uploads\/2017\/11\/stage-poney-2017-11-02-002-e1511105460996.jpg'><img loading=\"lazy\" decoding=\"async\" width=\"150\" height=\"150\" src=\"https:\/\/www.aphyllanthe.fr\/association\/wp-content\/uploads\/2017\/11\/stage-poney-2017-11-02-002-e1511105460996-150x150.jpg\" class=\"attachment-thumbnail size-thumbnail\" alt=\"\" \/><\/a>\n\t\t\t<\/div><\/figure><figure class='gallery-item'>\n\t\t\t<div class='gallery-icon landscape'>\n\t\t\t\t<a href='https:\/\/www.aphyllanthe.fr\/association\/wp-content\/uploads\/2017\/11\/stage-poney-2017-11-02-001-e1511105480356.jpg'><img loading=\"lazy\" decoding=\"async\" width=\"150\" height=\"150\" src=\"https:\/\/www.aphyllanthe.fr\/association\/wp-content\/uploads\/2017\/11\/stage-poney-2017-11-02-001-e1511105480356-150x150.jpg\" class=\"attachment-thumbnail size-thumbnail\" alt=\"\" \/><\/a>\n\t\t\t<\/div><\/figure>\n\t\t<\/div>\n<\/p>\n","protected":false},"excerpt":{"rendered":"<p>Grand succ\u00e8s pour deux des activit\u00e9s des vacances scolaires. Sortie patinoire Une sortie patinoire figure r\u00e9guli\u00e8rement sur le programme des activit\u00e9s organis\u00e9 par l&rsquo;Aphyllanthe pour les vacances scolaires. Cette fois, la matin\u00e9e a r\u00e9uni 24 personnes, d\u00e9butants ou confirm\u00e9s, qui ont gliss\u00e9 avec bonheur sur la glace. Sylvie, la monitrice, apr\u00e8s un \u00e9chauffement et des &hellip; <a href=\"https:\/\/www.aphyllanthe.fr\/association\/reportage-vacances-de-la-toussaint\/\" class=\"more-link\">Continuer la lecture de <span class=\"screen-reader-text\">Reportage vacances de la Toussaint<\/span>  <span class=\"meta-nav\">&rarr;<\/span><\/a><\/p>\n","protected":false},"author":1,"featured_media":0,"comment_status":"closed","ping_status":"closed","sticky":false,"template":"","format":"standard","meta":{"footnotes":""},"categories":[3],"tags":[],"class_list":["post-6490","post","type-post","status-publish","format-standard","hentry","category-reportage"],"_links":{"self":[{"href":"https:\/\/www.aphyllanthe.fr\/association\/wp-json\/wp\/v2\/posts\/6490","targetHints":{"allow":["GET"]}}],"collection":[{"href":"https:\/\/www.aphyllanthe.fr\/association\/wp-json\/wp\/v2\/posts"}],"about":[{"href":"https:\/\/www.aphyllanthe.fr\/association\/wp-json\/wp\/v2\/types\/post"}],"author":[{"embeddable":true,"href":"https:\/\/www.aphyllanthe.fr\/association\/wp-json\/wp\/v2\/users\/1"}],"replies":[{"embeddable":true,"href":"https:\/\/www.aphyllanthe.fr\/association\/wp-json\/wp\/v2\/comments?post=6490"}],"version-history":[{"count":0,"href":"https:\/\/www.aphyllanthe.fr\/association\/wp-json\/wp\/v2\/posts\/6490\/revisions"}],"wp:attachment":[{"href":"https:\/\/www.aphyllanthe.fr\/association\/wp-json\/wp\/v2\/media?parent=6490"}],"wp:term":[{"taxonomy":"category","embeddable":true,"href":"https:\/\/www.aphyllanthe.fr\/association\/wp-json\/wp\/v2\/categories?post=6490"},{"taxonomy":"post_tag","embeddable":true,"href":"https:\/\/www.aphyllanthe.fr\/association\/wp-json\/wp\/v2\/tags?post=6490"}],"curies":[{"name":"wp","href":"https:\/\/api.w.org\/{rel}","templated":true}]}}