{"id":6504,"date":"2017-11-28T21:50:02","date_gmt":"2017-11-28T20:50:02","guid":{"rendered":"http:\/\/www.aphyllanthe.fr\/association\/?p=6504"},"modified":"2017-11-28T21:50:37","modified_gmt":"2017-11-28T20:50:37","slug":"bonnets-2017-2","status":"publish","type":"post","link":"https:\/\/www.aphyllanthe.fr\/association\/bonnets-2017-2\/","title":{"rendered":"Bonnets 2017"},"content":{"rendered":"<p><figure id=\"attachment_6510\" aria-describedby=\"caption-attachment-6510\" style=\"width: 300px\" class=\"wp-caption alignleft\"><a href=\"http:\/\/www.aphyllanthe.fr\/association\/wp-content\/uploads\/2017\/11\/DSC09215-cercle.jpg\"><img loading=\"lazy\" decoding=\"async\" src=\"http:\/\/www.aphyllanthe.fr\/association\/wp-content\/uploads\/2017\/11\/DSC09215-cercle-300x300.jpg\" alt=\"\" width=\"300\" height=\"300\" class=\"size-medium wp-image-6510\" srcset=\"https:\/\/www.aphyllanthe.fr\/association\/wp-content\/uploads\/2017\/11\/DSC09215-cercle-300x300.jpg 300w, https:\/\/www.aphyllanthe.fr\/association\/wp-content\/uploads\/2017\/11\/DSC09215-cercle-150x150.jpg 150w, https:\/\/www.aphyllanthe.fr\/association\/wp-content\/uploads\/2017\/11\/DSC09215-cercle-768x768.jpg 768w, https:\/\/www.aphyllanthe.fr\/association\/wp-content\/uploads\/2017\/11\/DSC09215-cercle-1024x1024.jpg 1024w, https:\/\/www.aphyllanthe.fr\/association\/wp-content\/uploads\/2017\/11\/DSC09215-cercle-600x600.jpg 600w, https:\/\/www.aphyllanthe.fr\/association\/wp-content\/uploads\/2017\/11\/DSC09215-cercle.jpg 1080w\" sizes=\"auto, (max-width: 300px) 100vw, 300px\" \/><\/a><figcaption id=\"caption-attachment-6510\" class=\"wp-caption-text\">les bonnets 2017<\/figcaption><\/figure>Cette ann\u00e9e encore, le groupe du tricot-th\u00e9 a pr\u00e9par\u00e9 une s\u00e9rie de petits bonnets tricot\u00e9s \u00e0 envoyer \u00e0 la soci\u00e9t\u00e9 Innocent, pour participer au programme \u00ab\u00a0Mets ton Bonnet\u00a0\u00bb conduit en collaboration avec les Petits Fr\u00e8res des Pauvres. A partir du d\u00e9but de l&rsquo;automne, les tricoteuses b\u00e9n\u00e9voles de l&rsquo;Aphyllanthe et de toute la France se sont mises \u00e0 tricoter ces petits bonnets color\u00e9s destin\u00e9s \u00e0 coiffer les smoothies Innocent vendus dans les boulangeries et autres magasins des grandes villes de France.<br \/>\n<!--more--><\/p>\n<p>Pour toute bouteille vendue avec un bonnet, Innocent r\u00e9troc\u00e8de 0,20 \u20ac aux Petits Fr\u00e8res pour les \u0153uvres caritatives.  Cette ann\u00e9e, nos tricoteuses ont confectionn\u00e9 plus de 200 bonnets color\u00e9s et artistiques. Ci-dessous &#8211; les bonnets pr\u00eats \u00e0 \u00eatre exp\u00e9di\u00e9s vers le 1 d\u00e9cembre 2017.<br \/>\n<div id='gallery-1' class='gallery galleryid-6504 gallery-columns-3 gallery-size-medium'><figure class='gallery-item'>\n\t\t\t<div class='gallery-icon landscape'>\n\t\t\t\t<a href='https:\/\/www.aphyllanthe.fr\/association\/wp-content\/uploads\/2017\/11\/DSC09212-cercle.jpg'><img loading=\"lazy\" decoding=\"async\" width=\"300\" height=\"300\" src=\"https:\/\/www.aphyllanthe.fr\/association\/wp-content\/uploads\/2017\/11\/DSC09212-cercle-300x300.jpg\" class=\"attachment-medium size-medium\" alt=\"\" aria-describedby=\"gallery-1-6509\" srcset=\"https:\/\/www.aphyllanthe.fr\/association\/wp-content\/uploads\/2017\/11\/DSC09212-cercle-300x300.jpg 300w, https:\/\/www.aphyllanthe.fr\/association\/wp-content\/uploads\/2017\/11\/DSC09212-cercle-150x150.jpg 150w, https:\/\/www.aphyllanthe.fr\/association\/wp-content\/uploads\/2017\/11\/DSC09212-cercle-768x768.jpg 768w, https:\/\/www.aphyllanthe.fr\/association\/wp-content\/uploads\/2017\/11\/DSC09212-cercle-1024x1024.jpg 1024w, https:\/\/www.aphyllanthe.fr\/association\/wp-content\/uploads\/2017\/11\/DSC09212-cercle-600x600.jpg 600w, https:\/\/www.aphyllanthe.fr\/association\/wp-content\/uploads\/2017\/11\/DSC09212-cercle.jpg 1080w\" sizes=\"auto, (max-width: 300px) 100vw, 300px\" \/><\/a>\n\t\t\t<\/div>\n\t\t\t\t<figcaption class='wp-caption-text gallery-caption' id='gallery-1-6509'>\n\t\t\t\tles bonnets 2017\n\t\t\t\t<\/figcaption><\/figure><figure class='gallery-item'>\n\t\t\t<div class='gallery-icon landscape'>\n\t\t\t\t<a href='https:\/\/www.aphyllanthe.fr\/association\/wp-content\/uploads\/2017\/11\/DSC09209-cercle.jpg'><img loading=\"lazy\" decoding=\"async\" width=\"300\" height=\"300\" src=\"https:\/\/www.aphyllanthe.fr\/association\/wp-content\/uploads\/2017\/11\/DSC09209-cercle-300x300.jpg\" class=\"attachment-medium size-medium\" alt=\"\" aria-describedby=\"gallery-1-6508\" srcset=\"https:\/\/www.aphyllanthe.fr\/association\/wp-content\/uploads\/2017\/11\/DSC09209-cercle-300x300.jpg 300w, https:\/\/www.aphyllanthe.fr\/association\/wp-content\/uploads\/2017\/11\/DSC09209-cercle-150x150.jpg 150w, https:\/\/www.aphyllanthe.fr\/association\/wp-content\/uploads\/2017\/11\/DSC09209-cercle-768x768.jpg 768w, https:\/\/www.aphyllanthe.fr\/association\/wp-content\/uploads\/2017\/11\/DSC09209-cercle-1024x1024.jpg 1024w, https:\/\/www.aphyllanthe.fr\/association\/wp-content\/uploads\/2017\/11\/DSC09209-cercle-600x600.jpg 600w, https:\/\/www.aphyllanthe.fr\/association\/wp-content\/uploads\/2017\/11\/DSC09209-cercle.jpg 1080w\" sizes=\"auto, (max-width: 300px) 100vw, 300px\" \/><\/a>\n\t\t\t<\/div>\n\t\t\t\t<figcaption class='wp-caption-text gallery-caption' id='gallery-1-6508'>\n\t\t\t\tles bonnets 2017\n\t\t\t\t<\/figcaption><\/figure><figure class='gallery-item'>\n\t\t\t<div class='gallery-icon landscape'>\n\t\t\t\t<a href='https:\/\/www.aphyllanthe.fr\/association\/wp-content\/uploads\/2017\/11\/DSC09208-cercle.jpg'><img loading=\"lazy\" decoding=\"async\" width=\"300\" height=\"300\" src=\"https:\/\/www.aphyllanthe.fr\/association\/wp-content\/uploads\/2017\/11\/DSC09208-cercle-300x300.jpg\" class=\"attachment-medium size-medium\" alt=\"\" aria-describedby=\"gallery-1-6507\" srcset=\"https:\/\/www.aphyllanthe.fr\/association\/wp-content\/uploads\/2017\/11\/DSC09208-cercle-300x300.jpg 300w, https:\/\/www.aphyllanthe.fr\/association\/wp-content\/uploads\/2017\/11\/DSC09208-cercle-150x150.jpg 150w, https:\/\/www.aphyllanthe.fr\/association\/wp-content\/uploads\/2017\/11\/DSC09208-cercle-768x768.jpg 768w, https:\/\/www.aphyllanthe.fr\/association\/wp-content\/uploads\/2017\/11\/DSC09208-cercle-1024x1024.jpg 1024w, https:\/\/www.aphyllanthe.fr\/association\/wp-content\/uploads\/2017\/11\/DSC09208-cercle-600x600.jpg 600w, https:\/\/www.aphyllanthe.fr\/association\/wp-content\/uploads\/2017\/11\/DSC09208-cercle.jpg 1080w\" sizes=\"auto, (max-width: 300px) 100vw, 300px\" \/><\/a>\n\t\t\t<\/div>\n\t\t\t\t<figcaption class='wp-caption-text gallery-caption' id='gallery-1-6507'>\n\t\t\t\tles bonnets 2017\n\t\t\t\t<\/figcaption><\/figure>\n\t\t<\/div>\n  <\/p>\n<p>Lire sur nos actions des ann\u00e9es pr\u00e9c\u00e9dentes.<br \/>\n<a href=\"http:\/\/www.aphyllanthe.fr\/association\/innocent-nous-remercie\/\">Innocent nous remercie<\/a><br \/>\n<a href=\"http:\/\/www.aphyllanthe.fr\/association\/454-612-mercis\/\">454,612 bonnets !<\/a><br \/>\n<a href=\"http:\/\/www.aphyllanthe.fr\/association\/tricoteuses-solidaires-2015\/\">Tricoteuses solidaires 2015<\/a><br \/>\n<a href=\"http:\/\/www.aphyllanthe.fr\/association\/operation-mets-ton-bonnet\/\">Op\u00e9ration mets ton bonnet<\/a><\/p>\n","protected":false},"excerpt":{"rendered":"<p>Cette ann\u00e9e encore, le groupe du tricot-th\u00e9 a pr\u00e9par\u00e9 une s\u00e9rie de petits bonnets tricot\u00e9s \u00e0 envoyer \u00e0 la soci\u00e9t\u00e9 Innocent, pour participer au programme \u00ab\u00a0Mets ton Bonnet\u00a0\u00bb conduit en collaboration avec les Petits Fr\u00e8res des Pauvres. A partir du d\u00e9but de l&rsquo;automne, les tricoteuses b\u00e9n\u00e9voles de l&rsquo;Aphyllanthe et de toute la France se sont &hellip; <a href=\"https:\/\/www.aphyllanthe.fr\/association\/bonnets-2017-2\/\" class=\"more-link\">Continuer la lecture de <span class=\"screen-reader-text\">Bonnets 2017<\/span>  <span class=\"meta-nav\">&rarr;<\/span><\/a><\/p>\n","protected":false},"author":1,"featured_media":0,"comment_status":"closed","ping_status":"closed","sticky":false,"template":"","format":"standard","meta":{"footnotes":""},"categories":[100],"tags":[],"class_list":["post-6504","post","type-post","status-publish","format-standard","hentry","category-travaux-manuels"],"_links":{"self":[{"href":"https:\/\/www.aphyllanthe.fr\/association\/wp-json\/wp\/v2\/posts\/6504","targetHints":{"allow":["GET"]}}],"collection":[{"href":"https:\/\/www.aphyllanthe.fr\/association\/wp-json\/wp\/v2\/posts"}],"about":[{"href":"https:\/\/www.aphyllanthe.fr\/association\/wp-json\/wp\/v2\/types\/post"}],"author":[{"embeddable":true,"href":"https:\/\/www.aphyllanthe.fr\/association\/wp-json\/wp\/v2\/users\/1"}],"replies":[{"embeddable":true,"href":"https:\/\/www.aphyllanthe.fr\/association\/wp-json\/wp\/v2\/comments?post=6504"}],"version-history":[{"count":0,"href":"https:\/\/www.aphyllanthe.fr\/association\/wp-json\/wp\/v2\/posts\/6504\/revisions"}],"wp:attachment":[{"href":"https:\/\/www.aphyllanthe.fr\/association\/wp-json\/wp\/v2\/media?parent=6504"}],"wp:term":[{"taxonomy":"category","embeddable":true,"href":"https:\/\/www.aphyllanthe.fr\/association\/wp-json\/wp\/v2\/categories?post=6504"},{"taxonomy":"post_tag","embeddable":true,"href":"https:\/\/www.aphyllanthe.fr\/association\/wp-json\/wp\/v2\/tags?post=6504"}],"curies":[{"name":"wp","href":"https:\/\/api.w.org\/{rel}","templated":true}]}}