{"id":6523,"date":"2017-12-02T21:16:25","date_gmt":"2017-12-02T20:16:25","guid":{"rendered":"http:\/\/www.aphyllanthe.fr\/association\/?p=6523"},"modified":"2018-04-01T19:59:34","modified_gmt":"2018-04-01T18:59:34","slug":"la-rentree-litteraire-de-laphyllanthe","status":"publish","type":"post","link":"https:\/\/www.aphyllanthe.fr\/association\/la-rentree-litteraire-de-laphyllanthe\/","title":{"rendered":"La rentr\u00e9e litt\u00e9raire de l&rsquo;Aphyllanthe !"},"content":{"rendered":"<p><figure id=\"attachment_6528\" aria-describedby=\"caption-attachment-6528\" style=\"width: 182px\" class=\"wp-caption alignleft\"><img loading=\"lazy\" decoding=\"async\" src=\"http:\/\/www.aphyllanthe.fr\/association\/wp-content\/uploads\/2017\/12\/millenium-5-1-182x300.jpg\" alt=\"\" width=\"182\" height=\"300\" class=\"size-medium wp-image-6528\" srcset=\"https:\/\/www.aphyllanthe.fr\/association\/wp-content\/uploads\/2017\/12\/millenium-5-1-182x300.jpg 182w, https:\/\/www.aphyllanthe.fr\/association\/wp-content\/uploads\/2017\/12\/millenium-5-1.jpg 400w\" sizes=\"auto, (max-width: 182px) 100vw, 182px\" \/><figcaption id=\"caption-attachment-6528\" class=\"wp-caption-text\">millenium 5<\/figcaption><\/figure>Comme chaque ann\u00e9e et gr\u00e2ce \u00e0 l&rsquo;aide financi\u00e8re de la commune d&rsquo;Aigaliers, l&rsquo;Association ach\u00e8te de nouveaux livres pour la collection de la biblioth\u00e8que d&rsquo;Aigaliers. Au mois de novembre, quelques lectrices de l&rsquo;Association ont s\u00e9lectionn\u00e9 <a href=\"\/association\/pdf\/bibliobus\/achats-2017-11.pdf\">80 livres dont vous trouverez la liste ici<\/a>. Ces nouveaux livres sont des romans adultes, des romans policiers, des albums enfants, des bandes dessin\u00e9es et bien d&rsquo;autres p\u00e9pites ! Venez les d\u00e9couvrir et les emprunter \u00e0 la biblioth\u00e8que.<br \/>\n<!--more--><br \/>\n<img loading=\"lazy\" decoding=\"async\" src=\"http:\/\/www.aphyllanthe.fr\/association\/wp-content\/uploads\/2017\/12\/lordre-du-jour-158x300.jpg\" alt=\"\" width=\"158\" height=\"300\" class=\"alignright size-medium wp-image-6531\" srcset=\"https:\/\/www.aphyllanthe.fr\/association\/wp-content\/uploads\/2017\/12\/lordre-du-jour-158x300.jpg 158w, https:\/\/www.aphyllanthe.fr\/association\/wp-content\/uploads\/2017\/12\/lordre-du-jour.jpg 263w\" sizes=\"auto, (max-width: 158px) 100vw, 158px\" \/>Ces livres sont d\u00e9j\u00e0 mis \u00e0 la disposition des lecteurs. En allant <a href=\"http:\/\/www.aphyllanthe.fr\/association\/bibliotheque\/recherche-de-livres\/\" target=\"_blank\">sur la page ici <\/a>et en cherchant soit par nom d&rsquo;auteur, soit par titre, il est \u00e9galement possible de savoir si le livre est actuellement sorti ou pas.<\/p>\n","protected":false},"excerpt":{"rendered":"<p>Comme chaque ann\u00e9e et gr\u00e2ce \u00e0 l&rsquo;aide financi\u00e8re de la commune d&rsquo;Aigaliers, l&rsquo;Association ach\u00e8te de nouveaux livres pour la collection de la biblioth\u00e8que d&rsquo;Aigaliers. Au mois de novembre, quelques lectrices de l&rsquo;Association ont s\u00e9lectionn\u00e9 80 livres dont vous trouverez la liste ici. Ces nouveaux livres sont des romans adultes, des romans policiers, des albums enfants, &hellip; <a href=\"https:\/\/www.aphyllanthe.fr\/association\/la-rentree-litteraire-de-laphyllanthe\/\" class=\"more-link\">Continuer la lecture de <span class=\"screen-reader-text\">La rentr\u00e9e litt\u00e9raire de l&rsquo;Aphyllanthe !<\/span>  <span class=\"meta-nav\">&rarr;<\/span><\/a><\/p>\n","protected":false},"author":1,"featured_media":0,"comment_status":"closed","ping_status":"closed","sticky":false,"template":"","format":"standard","meta":{"footnotes":""},"categories":[2],"tags":[],"class_list":["post-6523","post","type-post","status-publish","format-standard","hentry","category-chronique-bibliotheque"],"_links":{"self":[{"href":"https:\/\/www.aphyllanthe.fr\/association\/wp-json\/wp\/v2\/posts\/6523","targetHints":{"allow":["GET"]}}],"collection":[{"href":"https:\/\/www.aphyllanthe.fr\/association\/wp-json\/wp\/v2\/posts"}],"about":[{"href":"https:\/\/www.aphyllanthe.fr\/association\/wp-json\/wp\/v2\/types\/post"}],"author":[{"embeddable":true,"href":"https:\/\/www.aphyllanthe.fr\/association\/wp-json\/wp\/v2\/users\/1"}],"replies":[{"embeddable":true,"href":"https:\/\/www.aphyllanthe.fr\/association\/wp-json\/wp\/v2\/comments?post=6523"}],"version-history":[{"count":0,"href":"https:\/\/www.aphyllanthe.fr\/association\/wp-json\/wp\/v2\/posts\/6523\/revisions"}],"wp:attachment":[{"href":"https:\/\/www.aphyllanthe.fr\/association\/wp-json\/wp\/v2\/media?parent=6523"}],"wp:term":[{"taxonomy":"category","embeddable":true,"href":"https:\/\/www.aphyllanthe.fr\/association\/wp-json\/wp\/v2\/categories?post=6523"},{"taxonomy":"post_tag","embeddable":true,"href":"https:\/\/www.aphyllanthe.fr\/association\/wp-json\/wp\/v2\/tags?post=6523"}],"curies":[{"name":"wp","href":"https:\/\/api.w.org\/{rel}","templated":true}]}}