{"id":6603,"date":"2017-12-16T16:27:45","date_gmt":"2017-12-16T15:27:45","guid":{"rendered":"http:\/\/www.aphyllanthe.fr\/association\/?p=6603"},"modified":"2017-12-16T16:27:45","modified_gmt":"2017-12-16T15:27:45","slug":"operation-boules-de-noel","status":"publish","type":"post","link":"https:\/\/www.aphyllanthe.fr\/association\/operation-boules-de-noel\/","title":{"rendered":"Op\u00e9ration boules de No\u00ebl"},"content":{"rendered":"<p><img loading=\"lazy\" decoding=\"async\" src=\"http:\/\/www.aphyllanthe.fr\/association\/wp-content\/uploads\/2017\/12\/DECO-NOEL-300x134.png\" alt=\"\" width=\"200\" height=\"90\" class=\"alignleft size-medium wp-image-6619\" srcset=\"https:\/\/www.aphyllanthe.fr\/association\/wp-content\/uploads\/2017\/12\/DECO-NOEL-300x134.png 300w, https:\/\/www.aphyllanthe.fr\/association\/wp-content\/uploads\/2017\/12\/DECO-NOEL.png 600w\" sizes=\"auto, (max-width: 200px) 100vw, 200px\" \/>A l&rsquo;occasion du go\u00fbter annuel de No\u00ebl, les petits lutins de l&rsquo;\u00e9cole maternelle d&rsquo;Aigaliers, accompagn\u00e9s de l&rsquo;\u00e9quipe p\u00e9dagogique bienveillante, ont concoct\u00e9 et accroch\u00e9, de bien jolies d\u00e9corations sur le beau sapin roi des for\u00eats, install\u00e9 \u00e0 la Salle Andr\u00e9 Meynier.<br \/>\n<!--more--><br \/>\nPar la suite, les ain\u00e9s de la commune ont pu admirer ce beau travail lors du repas de no\u00ebl tenu dans cette m\u00eame salle le 10 d\u00e9cembre. La coordination du projet pour l&rsquo;Association a \u00e9t\u00e9 effectu\u00e9e b\u00e9n\u00e9volement par Patricia.<br \/>\n<div id='gallery-1' class='gallery galleryid-6603 gallery-columns-3 gallery-size-medium'><figure class='gallery-item'>\n\t\t\t<div class='gallery-icon landscape'>\n\t\t\t\t<a href='https:\/\/www.aphyllanthe.fr\/association\/wp-content\/uploads\/2017\/12\/IMG_7010.jpg'><img loading=\"lazy\" decoding=\"async\" width=\"300\" height=\"225\" src=\"https:\/\/www.aphyllanthe.fr\/association\/wp-content\/uploads\/2017\/12\/IMG_7010-300x225.jpg\" class=\"attachment-medium size-medium\" alt=\"\" aria-describedby=\"gallery-1-6624\" srcset=\"https:\/\/www.aphyllanthe.fr\/association\/wp-content\/uploads\/2017\/12\/IMG_7010-300x225.jpg 300w, https:\/\/www.aphyllanthe.fr\/association\/wp-content\/uploads\/2017\/12\/IMG_7010-768x576.jpg 768w, https:\/\/www.aphyllanthe.fr\/association\/wp-content\/uploads\/2017\/12\/IMG_7010.jpg 1024w, https:\/\/www.aphyllanthe.fr\/association\/wp-content\/uploads\/2017\/12\/IMG_7010-600x450.jpg 600w\" sizes=\"auto, (max-width: 300px) 100vw, 300px\" \/><\/a>\n\t\t\t<\/div>\n\t\t\t\t<figcaption class='wp-caption-text gallery-caption' id='gallery-1-6624'>\n\t\t\t\tles boules de no\u00ebl\n\t\t\t\t<\/figcaption><\/figure><figure class='gallery-item'>\n\t\t\t<div class='gallery-icon portrait'>\n\t\t\t\t<a href='https:\/\/www.aphyllanthe.fr\/association\/wp-content\/uploads\/2017\/12\/IMG_7013-e1513437342144.jpg'><img loading=\"lazy\" decoding=\"async\" width=\"225\" height=\"300\" src=\"https:\/\/www.aphyllanthe.fr\/association\/wp-content\/uploads\/2017\/12\/IMG_7013-e1513437342144-225x300.jpg\" class=\"attachment-medium size-medium\" alt=\"\" aria-describedby=\"gallery-1-6625\" srcset=\"https:\/\/www.aphyllanthe.fr\/association\/wp-content\/uploads\/2017\/12\/IMG_7013-e1513437342144-225x300.jpg 225w, https:\/\/www.aphyllanthe.fr\/association\/wp-content\/uploads\/2017\/12\/IMG_7013-e1513437342144.jpg 768w, https:\/\/www.aphyllanthe.fr\/association\/wp-content\/uploads\/2017\/12\/IMG_7013-e1513437342144-600x800.jpg 600w\" sizes=\"auto, (max-width: 225px) 100vw, 225px\" \/><\/a>\n\t\t\t<\/div>\n\t\t\t\t<figcaption class='wp-caption-text gallery-caption' id='gallery-1-6625'>\n\t\t\t\tle sapin\n\t\t\t\t<\/figcaption><\/figure><figure class='gallery-item'>\n\t\t\t<div class='gallery-icon landscape'>\n\t\t\t\t<a href='https:\/\/www.aphyllanthe.fr\/association\/wp-content\/uploads\/2017\/12\/IMG_7009.jpg'><img loading=\"lazy\" decoding=\"async\" width=\"300\" height=\"225\" src=\"https:\/\/www.aphyllanthe.fr\/association\/wp-content\/uploads\/2017\/12\/IMG_7009-300x225.jpg\" class=\"attachment-medium size-medium\" alt=\"\" aria-describedby=\"gallery-1-6623\" srcset=\"https:\/\/www.aphyllanthe.fr\/association\/wp-content\/uploads\/2017\/12\/IMG_7009-300x225.jpg 300w, https:\/\/www.aphyllanthe.fr\/association\/wp-content\/uploads\/2017\/12\/IMG_7009-768x576.jpg 768w, https:\/\/www.aphyllanthe.fr\/association\/wp-content\/uploads\/2017\/12\/IMG_7009.jpg 1024w, https:\/\/www.aphyllanthe.fr\/association\/wp-content\/uploads\/2017\/12\/IMG_7009-600x450.jpg 600w\" sizes=\"auto, (max-width: 300px) 100vw, 300px\" \/><\/a>\n\t\t\t<\/div>\n\t\t\t\t<figcaption class='wp-caption-text gallery-caption' id='gallery-1-6623'>\n\t\t\t\tles boules de no\u00ebl\n\t\t\t\t<\/figcaption><\/figure>\n\t\t<\/div>\n<\/p>\n","protected":false},"excerpt":{"rendered":"<p>A l&rsquo;occasion du go\u00fbter annuel de No\u00ebl, les petits lutins de l&rsquo;\u00e9cole maternelle d&rsquo;Aigaliers, accompagn\u00e9s de l&rsquo;\u00e9quipe p\u00e9dagogique bienveillante, ont concoct\u00e9 et accroch\u00e9, de bien jolies d\u00e9corations sur le beau sapin roi des for\u00eats, install\u00e9 \u00e0 la Salle Andr\u00e9 Meynier.<\/p>\n","protected":false},"author":1,"featured_media":0,"comment_status":"closed","ping_status":"closed","sticky":false,"template":"","format":"standard","meta":{"footnotes":""},"categories":[3,100],"tags":[],"class_list":["post-6603","post","type-post","status-publish","format-standard","hentry","category-reportage","category-travaux-manuels"],"_links":{"self":[{"href":"https:\/\/www.aphyllanthe.fr\/association\/wp-json\/wp\/v2\/posts\/6603","targetHints":{"allow":["GET"]}}],"collection":[{"href":"https:\/\/www.aphyllanthe.fr\/association\/wp-json\/wp\/v2\/posts"}],"about":[{"href":"https:\/\/www.aphyllanthe.fr\/association\/wp-json\/wp\/v2\/types\/post"}],"author":[{"embeddable":true,"href":"https:\/\/www.aphyllanthe.fr\/association\/wp-json\/wp\/v2\/users\/1"}],"replies":[{"embeddable":true,"href":"https:\/\/www.aphyllanthe.fr\/association\/wp-json\/wp\/v2\/comments?post=6603"}],"version-history":[{"count":0,"href":"https:\/\/www.aphyllanthe.fr\/association\/wp-json\/wp\/v2\/posts\/6603\/revisions"}],"wp:attachment":[{"href":"https:\/\/www.aphyllanthe.fr\/association\/wp-json\/wp\/v2\/media?parent=6603"}],"wp:term":[{"taxonomy":"category","embeddable":true,"href":"https:\/\/www.aphyllanthe.fr\/association\/wp-json\/wp\/v2\/categories?post=6603"},{"taxonomy":"post_tag","embeddable":true,"href":"https:\/\/www.aphyllanthe.fr\/association\/wp-json\/wp\/v2\/tags?post=6603"}],"curies":[{"name":"wp","href":"https:\/\/api.w.org\/{rel}","templated":true}]}}