{"id":6774,"date":"2017-12-31T16:01:25","date_gmt":"2017-12-31T15:01:25","guid":{"rendered":"http:\/\/www.aphyllanthe.fr\/association\/?p=6774"},"modified":"2017-12-31T16:05:49","modified_gmt":"2017-12-31T15:05:49","slug":"la-recette-de-la-rentree-2017","status":"publish","type":"post","link":"https:\/\/www.aphyllanthe.fr\/association\/la-recette-de-la-rentree-2017\/","title":{"rendered":"La recette de la rentr\u00e9e 2017"},"content":{"rendered":"<p><figure id=\"attachment_6780\" aria-describedby=\"caption-attachment-6780\" style=\"width: 300px\" class=\"wp-caption alignright\"><img loading=\"lazy\" decoding=\"async\" src=\"http:\/\/www.aphyllanthe.fr\/association\/wp-content\/uploads\/2017\/12\/tarte-citron-Small-300x200.jpg\" alt=\"tarte citron meringu\u00e9e\" width=\"300\" height=\"200\" class=\"size-medium wp-image-6780\" srcset=\"https:\/\/www.aphyllanthe.fr\/association\/wp-content\/uploads\/2017\/12\/tarte-citron-Small-300x200.jpg 300w, https:\/\/www.aphyllanthe.fr\/association\/wp-content\/uploads\/2017\/12\/tarte-citron-Small-600x400.jpg 600w, https:\/\/www.aphyllanthe.fr\/association\/wp-content\/uploads\/2017\/12\/tarte-citron-Small.jpg 720w\" sizes=\"auto, (max-width: 300px) 100vw, 300px\" \/><figcaption id=\"caption-attachment-6780\" class=\"wp-caption-text\">tarte citron meringu\u00e9e<\/figcaption><\/figure><em><strong>Tarte au citron meringu\u00e9e<\/strong><\/em><br \/>\nTante Nicole de l&rsquo;atelier tricot-th\u00e9 vous propose une de ses recettes favorites. <\/p>\n<p><strong>Pr\u00e9paration<\/strong><br \/>\n<em>La p\u00e2te \u00e0 tarte<\/em> <\/p>\n<ul>\n<li>250 g farine<\/li>\n<li>175 g de beurre<\/li>\n<li>1 jaune d&rsquo;\u0153uf<\/li>\n<li>un peu de cr\u00e8me liquide.<\/li>\n<\/ul>\n<p><!--more--><\/p>\n<p>Malaxer le tout et mettre au frais dans un film.<br \/>\nFoncer un moule \u00e0 tarte et mettre au four \u00e0 180\u00b0, cuire \u00e0 blanc environ 12 minutes (sans colorer).<\/p>\n<p><em>La cr\u00e8me<\/em><\/p>\n<ul>\n<li>3 citrons<\/li>\n<li>4 \u0153ufs<\/li>\n<li>175 g de sucre<\/li>\n<li>200 ml de cr\u00e8me liquide.<\/li>\n<\/ul>\n<p>M\u00e9langer les \u0153ufs, le sucre, la cr\u00e8me liquide, le zeste de 2 citrons et le jus de 3 citrons.<br \/>\nVerser sur la p\u00e2te et cuire 20min \u00e0 180\u00b0.<\/p>\n<p>La meringue :  Monter 3 blancs d&rsquo;\u0153ufs en neige ferme, m\u00e9langer avec 240 g de sucre.<br \/>\nDisposer sur la cr\u00e8me, remettre au four \u00e0 130-150\u00b0 jusqu&rsquo;\u00e0 ce que la meringue dore (environ 10min).<\/p>\n<p>R\u00e9galez-vous !<\/p>\n","protected":false},"excerpt":{"rendered":"<p>Tarte au citron meringu\u00e9e Tante Nicole de l&rsquo;atelier tricot-th\u00e9 vous propose une de ses recettes favorites. Pr\u00e9paration La p\u00e2te \u00e0 tarte 250 g farine 175 g de beurre 1 jaune d&rsquo;\u0153uf un peu de cr\u00e8me liquide.<\/p>\n","protected":false},"author":1,"featured_media":0,"comment_status":"closed","ping_status":"closed","sticky":false,"template":"","format":"standard","meta":{"footnotes":""},"categories":[71],"tags":[],"class_list":["post-6774","post","type-post","status-publish","format-standard","hentry","category-recette"],"_links":{"self":[{"href":"https:\/\/www.aphyllanthe.fr\/association\/wp-json\/wp\/v2\/posts\/6774","targetHints":{"allow":["GET"]}}],"collection":[{"href":"https:\/\/www.aphyllanthe.fr\/association\/wp-json\/wp\/v2\/posts"}],"about":[{"href":"https:\/\/www.aphyllanthe.fr\/association\/wp-json\/wp\/v2\/types\/post"}],"author":[{"embeddable":true,"href":"https:\/\/www.aphyllanthe.fr\/association\/wp-json\/wp\/v2\/users\/1"}],"replies":[{"embeddable":true,"href":"https:\/\/www.aphyllanthe.fr\/association\/wp-json\/wp\/v2\/comments?post=6774"}],"version-history":[{"count":0,"href":"https:\/\/www.aphyllanthe.fr\/association\/wp-json\/wp\/v2\/posts\/6774\/revisions"}],"wp:attachment":[{"href":"https:\/\/www.aphyllanthe.fr\/association\/wp-json\/wp\/v2\/media?parent=6774"}],"wp:term":[{"taxonomy":"category","embeddable":true,"href":"https:\/\/www.aphyllanthe.fr\/association\/wp-json\/wp\/v2\/categories?post=6774"},{"taxonomy":"post_tag","embeddable":true,"href":"https:\/\/www.aphyllanthe.fr\/association\/wp-json\/wp\/v2\/tags?post=6774"}],"curies":[{"name":"wp","href":"https:\/\/api.w.org\/{rel}","templated":true}]}}