{"id":6916,"date":"2018-01-24T11:05:07","date_gmt":"2018-01-24T10:05:07","guid":{"rendered":"http:\/\/www.aphyllanthe.fr\/association\/?p=6916"},"modified":"2018-01-24T11:05:07","modified_gmt":"2018-01-24T10:05:07","slug":"assemblee-generale-2018","status":"publish","type":"post","link":"https:\/\/www.aphyllanthe.fr\/association\/assemblee-generale-2018\/","title":{"rendered":"Assembl\u00e9e G\u00e9n\u00e9rale 2018"},"content":{"rendered":"<p><figure id=\"attachment_6939\" aria-describedby=\"caption-attachment-6939\" style=\"width: 300px\" class=\"wp-caption alignright\"><img loading=\"lazy\" decoding=\"async\" src=\"http:\/\/www.aphyllanthe.fr\/association\/wp-content\/uploads\/2018\/01\/ag-Small-300x188.jpg\" alt=\"Assembl\u00e9e G\u00e9n\u00e9rale 2018\" width=\"300\" height=\"188\" class=\"size-medium wp-image-6939\" srcset=\"https:\/\/www.aphyllanthe.fr\/association\/wp-content\/uploads\/2018\/01\/ag-Small-300x188.jpg 300w, https:\/\/www.aphyllanthe.fr\/association\/wp-content\/uploads\/2018\/01\/ag-Small-600x375.jpg 600w, https:\/\/www.aphyllanthe.fr\/association\/wp-content\/uploads\/2018\/01\/ag-Small.jpg 767w\" sizes=\"auto, (max-width: 300px) 100vw, 300px\" \/><figcaption id=\"caption-attachment-6939\" class=\"wp-caption-text\">Assembl\u00e9e G\u00e9n\u00e9rale 2018<\/figcaption><\/figure>L&rsquo;Association organise son Assembl\u00e9e G\u00e9n\u00e9rale le vendredi 2 f\u00e9vrier \u00e0 partir de 18h00 \u00e0 la Salle Andr\u00e9 Meynier d&rsquo;Aigaliers.<br \/>\n<!--more--><\/p>\n<p>Ordre du jour :<\/p>\n<ul>\n<li>Pr\u00e9sentation des rapports moral et financier pour l&rsquo;ann\u00e9e 2017<\/li>\n<li>\u00c9lection du nouveau CA<\/li>\n<li>Nouveaut\u00e9s 2018<\/li>\n<li>D\u00e9bats et discussions<\/li>\n<\/ul>\n<p>Une Assembl\u00e9e G\u00e9n\u00e9rale est un moment important dans la vie associative et il est essentiel que les adh\u00e9rents y participent.<\/p>\n<p>L&rsquo;Association entreprend de nouveaux projets et changements pour l&rsquo;ann\u00e9e qui arrive. Nous esp\u00e9rons vous retrouver nombreux \u00e0 cette occasion pour vous pr\u00e9senter les nouveaut\u00e9s 2018.<\/p>\n","protected":false},"excerpt":{"rendered":"<p>L&rsquo;Association organise son Assembl\u00e9e G\u00e9n\u00e9rale le vendredi 2 f\u00e9vrier \u00e0 partir de 18h00 \u00e0 la Salle Andr\u00e9 Meynier d&rsquo;Aigaliers.<\/p>\n","protected":false},"author":1,"featured_media":0,"comment_status":"closed","ping_status":"closed","sticky":false,"template":"","format":"standard","meta":{"footnotes":""},"categories":[4],"tags":[],"class_list":["post-6916","post","type-post","status-publish","format-standard","hentry","category-annonce"],"_links":{"self":[{"href":"https:\/\/www.aphyllanthe.fr\/association\/wp-json\/wp\/v2\/posts\/6916","targetHints":{"allow":["GET"]}}],"collection":[{"href":"https:\/\/www.aphyllanthe.fr\/association\/wp-json\/wp\/v2\/posts"}],"about":[{"href":"https:\/\/www.aphyllanthe.fr\/association\/wp-json\/wp\/v2\/types\/post"}],"author":[{"embeddable":true,"href":"https:\/\/www.aphyllanthe.fr\/association\/wp-json\/wp\/v2\/users\/1"}],"replies":[{"embeddable":true,"href":"https:\/\/www.aphyllanthe.fr\/association\/wp-json\/wp\/v2\/comments?post=6916"}],"version-history":[{"count":0,"href":"https:\/\/www.aphyllanthe.fr\/association\/wp-json\/wp\/v2\/posts\/6916\/revisions"}],"wp:attachment":[{"href":"https:\/\/www.aphyllanthe.fr\/association\/wp-json\/wp\/v2\/media?parent=6916"}],"wp:term":[{"taxonomy":"category","embeddable":true,"href":"https:\/\/www.aphyllanthe.fr\/association\/wp-json\/wp\/v2\/categories?post=6916"},{"taxonomy":"post_tag","embeddable":true,"href":"https:\/\/www.aphyllanthe.fr\/association\/wp-json\/wp\/v2\/tags?post=6916"}],"curies":[{"name":"wp","href":"https:\/\/api.w.org\/{rel}","templated":true}]}}