{"id":694,"date":"2014-12-28T14:32:09","date_gmt":"2014-12-28T13:32:09","guid":{"rendered":"http:\/\/www.aphyllanthe.fr\/association\/?p=694"},"modified":"2015-03-16T21:03:27","modified_gmt":"2015-03-16T20:03:27","slug":"randonnee-a-saint-bonnet-du-gard","status":"publish","type":"post","link":"https:\/\/www.aphyllanthe.fr\/association\/randonnee-a-saint-bonnet-du-gard\/","title":{"rendered":"Randonn\u00e9e \u00e0 Saint-Bonnet du Gard"},"content":{"rendered":"<p>Par une journ\u00e9e tr\u00e8s vent\u00e9e de la fin de l&rsquo;automne, un groupe d&rsquo;une dizaine de randonneurs de l\u2019Association est parti de Saint-Bonnet du Gard pour faire un tour d&rsquo;environ 10 km dans la garrigue jusqu&rsquo;au vestiges de l&rsquo;aqueduc romain du Pont du Gard. Comme souvent en hiver, le vent nettoyant l&rsquo;atmosph\u00e8re et le soleil bas dans le ciel, s&rsquo;accordent pour produire une luminosit\u00e9 exceptionnelle.  La randonn\u00e9e est une activit\u00e9 sociale et culturelle en plus d&rsquo;\u00eatre sportive, nos amateurs de photo furent actifs ce jour l\u00e0 pour vous faire partager la lumi\u00e8re d&rsquo;une sortie froide mais tr\u00e8s, tr\u00e8s belle.<br \/>\n<div id=\"metaslider-id-705\" style=\"max-width: 500px; margin: 0 auto;\" class=\"ml-slider-3-108-0 metaslider metaslider-nivo metaslider-705 ml-slider has-dots-nav ms-theme-default\" role=\"region\" aria-label=\"st-bonnet\" data-height=\"350\" data-width=\"500\">\n    <div id=\"metaslider_container_705\">\n        <div class='slider-wrapper theme-default'><div class='ribbon'><\/div><div id='metaslider_705' class='nivoSlider'><img loading=\"lazy\" decoding=\"async\" src=\"https:\/\/www.aphyllanthe.fr\/association\/wp-content\/uploads\/2014\/12\/IMG_2934-500x350.jpg\" height=\"350\" width=\"500\" data-caption=\"la pause\" alt=\"\" class=\"slider-705 slide-704 msDefaultImage\" \/><img loading=\"lazy\" decoding=\"async\" src=\"https:\/\/www.aphyllanthe.fr\/association\/wp-content\/uploads\/2014\/12\/IMG_2931-500x350.jpg\" height=\"350\" width=\"500\" data-caption=\"le pont du Gard - amont\" alt=\"Le pont du Gard - amont\" class=\"slider-705 slide-703 msDefaultImage\" \/><img loading=\"lazy\" decoding=\"async\" src=\"https:\/\/www.aphyllanthe.fr\/association\/wp-content\/uploads\/2014\/12\/IMG_2928-500x350.jpg\" height=\"350\" width=\"500\" data-caption=\"l&#039;ombre du pont du Gard \" alt=\"l&#039;ombre du Pont du Gard\" class=\"slider-705 slide-702 msDefaultImage\" \/><img loading=\"lazy\" decoding=\"async\" src=\"https:\/\/www.aphyllanthe.fr\/association\/wp-content\/uploads\/2014\/12\/IMG_2926-500x350.jpg\" height=\"350\" width=\"500\" data-caption=\"lumi&egrave;re rasante sur le pont du Gard\" alt=\"lumi\u00e8re rasante sur le pont du Gard\" class=\"slider-705 slide-701 msDefaultImage\" \/><img loading=\"lazy\" decoding=\"async\" src=\"https:\/\/www.aphyllanthe.fr\/association\/wp-content\/uploads\/2014\/12\/IMG_2920-500x350.jpg\" height=\"350\" width=\"500\" data-caption=\"sous le pont \" alt=\"sous le pont\" class=\"slider-705 slide-699 msDefaultImage\" \/><img loading=\"lazy\" decoding=\"async\" src=\"https:\/\/www.aphyllanthe.fr\/association\/wp-content\/uploads\/2014\/12\/IMG_2917-500x350.jpg\" height=\"350\" width=\"500\" data-caption=\"le froid et le vent de face\" alt=\"le froid et le vent de face\" class=\"slider-705 slide-698 msDefaultImage\" \/><img loading=\"lazy\" decoding=\"async\" src=\"https:\/\/www.aphyllanthe.fr\/association\/wp-content\/uploads\/2014\/12\/IMG_2905-500x350.jpg\" height=\"350\" width=\"500\" data-caption=\"le poste d&#039;observation\" alt=\"poste d&#039;observation\" class=\"slider-705 slide-697 msDefaultImage\" \/><\/div><\/div>\n        \n    <\/div>\n<\/div><\/p>\n","protected":false},"excerpt":{"rendered":"<p>Par une journ\u00e9e tr\u00e8s vent\u00e9e de la fin de l&rsquo;automne, un groupe d&rsquo;une dizaine de randonneurs de l\u2019Association est parti de Saint-Bonnet du Gard pour faire un tour d&rsquo;environ 10 km dans la garrigue jusqu&rsquo;au vestiges de l&rsquo;aqueduc romain du Pont du Gard. Comme souvent en hiver, le vent nettoyant l&rsquo;atmosph\u00e8re et le soleil bas &hellip; <a href=\"https:\/\/www.aphyllanthe.fr\/association\/randonnee-a-saint-bonnet-du-gard\/\" class=\"more-link\">Continuer la lecture de <span class=\"screen-reader-text\">Randonn\u00e9e \u00e0 Saint-Bonnet du Gard<\/span>  <span class=\"meta-nav\">&rarr;<\/span><\/a><\/p>\n","protected":false},"author":1,"featured_media":700,"comment_status":"closed","ping_status":"open","sticky":false,"template":"","format":"standard","meta":{"footnotes":""},"categories":[70],"tags":[],"class_list":["post-694","post","type-post","status-publish","format-standard","has-post-thumbnail","hentry","category-randonnees"],"_links":{"self":[{"href":"https:\/\/www.aphyllanthe.fr\/association\/wp-json\/wp\/v2\/posts\/694","targetHints":{"allow":["GET"]}}],"collection":[{"href":"https:\/\/www.aphyllanthe.fr\/association\/wp-json\/wp\/v2\/posts"}],"about":[{"href":"https:\/\/www.aphyllanthe.fr\/association\/wp-json\/wp\/v2\/types\/post"}],"author":[{"embeddable":true,"href":"https:\/\/www.aphyllanthe.fr\/association\/wp-json\/wp\/v2\/users\/1"}],"replies":[{"embeddable":true,"href":"https:\/\/www.aphyllanthe.fr\/association\/wp-json\/wp\/v2\/comments?post=694"}],"version-history":[{"count":0,"href":"https:\/\/www.aphyllanthe.fr\/association\/wp-json\/wp\/v2\/posts\/694\/revisions"}],"wp:featuredmedia":[{"embeddable":true,"href":"https:\/\/www.aphyllanthe.fr\/association\/wp-json\/wp\/v2\/media\/700"}],"wp:attachment":[{"href":"https:\/\/www.aphyllanthe.fr\/association\/wp-json\/wp\/v2\/media?parent=694"}],"wp:term":[{"taxonomy":"category","embeddable":true,"href":"https:\/\/www.aphyllanthe.fr\/association\/wp-json\/wp\/v2\/categories?post=694"},{"taxonomy":"post_tag","embeddable":true,"href":"https:\/\/www.aphyllanthe.fr\/association\/wp-json\/wp\/v2\/tags?post=694"}],"curies":[{"name":"wp","href":"https:\/\/api.w.org\/{rel}","templated":true}]}}