{"id":6993,"date":"2018-02-10T21:16:45","date_gmt":"2018-02-10T20:16:45","guid":{"rendered":"http:\/\/www.aphyllanthe.fr\/association\/?p=6993"},"modified":"2019-02-08T10:48:46","modified_gmt":"2019-02-08T09:48:46","slug":"les-vacances-scolaires-de-fevrier-2018","status":"publish","type":"post","link":"https:\/\/www.aphyllanthe.fr\/association\/les-vacances-scolaires-de-fevrier-2018\/","title":{"rendered":"Les vacances scolaires de f\u00e9vrier 2018"},"content":{"rendered":"<p><figure id=\"attachment_6995\" aria-describedby=\"caption-attachment-6995\" style=\"width: 300px\" class=\"wp-caption alignleft\"><img loading=\"lazy\" decoding=\"async\" src=\"http:\/\/www.aphyllanthe.fr\/association\/wp-content\/uploads\/2018\/02\/bonhomme-de-neige-Small-300x169.jpg\" alt=\"vacances hiver bonhomme neige\" width=\"300\" height=\"169\" class=\"size-medium wp-image-6995\" srcset=\"https:\/\/www.aphyllanthe.fr\/association\/wp-content\/uploads\/2018\/02\/bonhomme-de-neige-Small-300x169.jpg 300w, https:\/\/www.aphyllanthe.fr\/association\/wp-content\/uploads\/2018\/02\/bonhomme-de-neige-Small-768x432.jpg 768w, https:\/\/www.aphyllanthe.fr\/association\/wp-content\/uploads\/2018\/02\/bonhomme-de-neige-Small-600x338.jpg 600w, https:\/\/www.aphyllanthe.fr\/association\/wp-content\/uploads\/2018\/02\/bonhomme-de-neige-Small.jpg 853w\" sizes=\"auto, (max-width: 300px) 100vw, 300px\" \/><figcaption id=\"caption-attachment-6995\" class=\"wp-caption-text\">vacances hiver bonhomme neige<\/figcaption><\/figure>Les vacances scolaires d&rsquo;hiver approchent ! L&rsquo;Aphyllanthe vous propose un programme d\u2019activit\u00e9s incluant une sortie en famille \u00e0 la patinoire d&rsquo;Al\u00e8s, une s\u00e9ance de cin\u00e9ma \u00e0 Uz\u00e8s et une soir\u00e9e LaserGame. Voici les d\u00e9tails : <!--more--><\/p>\n<div style=\"clear: both;\"><\/div>\n<p><strong>Cliquez sur les titres pour voir le d\u00e9tail.<\/strong><div id=\"accordion-1\" class=\"accordion no-js\">\n\t\t\t\t\t<h6 role=\"button\" id=\"accordion-1-t1\" class=\"accordion-title js-accordion-controller slide\" aria-controls=\"accordion-1-c1\" aria-expanded=\"false\" tabindex=\"0\">\n\t\t\t\t<strong><span style='color:#2d7bbf;'>le 28 f\u00e9vrier 2018 : Sortie Cin\u00e9ma<\/span><\/strong>\t\t\t<\/h6>\n\t\t\n\t\t<div id=\"accordion-1-c1\" class=\"accordion-content\" aria-hidden=\"true\">\n\t\t\t<br \/>\n<figure id=\"attachment_7000\" aria-describedby=\"caption-attachment-7000\" style=\"width: 300px\" class=\"wp-caption alignleft\"><img loading=\"lazy\" decoding=\"async\" src=\"http:\/\/www.aphyllanthe.fr\/association\/wp-content\/uploads\/2018\/02\/cin\u00e9ma-Small-2-300x240.jpg\" alt=\"ticket cin\u00e9ma\" width=\"300\" height=\"240\" class=\"size-medium wp-image-7000\" srcset=\"https:\/\/www.aphyllanthe.fr\/association\/wp-content\/uploads\/2018\/02\/cin\u00e9ma-Small-2-300x240.jpg 300w, https:\/\/www.aphyllanthe.fr\/association\/wp-content\/uploads\/2018\/02\/cin\u00e9ma-Small-2.jpg 600w\" sizes=\"auto, (max-width: 300px) 100vw, 300px\" \/><figcaption id=\"caption-attachment-7000\" class=\"wp-caption-text\">ticket cin\u00e9ma<\/figcaption><\/figure><br \/>\n<em><strong>O\u00f9 :<\/strong><\/em> Cin\u00e9ma le Capitole d&rsquo;Uz\u00e8s<br \/>\n<em><strong>Pour :<\/strong><\/em> tous publics<br \/>\n<em><strong>Tarifs :<\/strong><\/em> adh\u00e9rent 2&nbsp;\u20ac, non-adh\u00e9rent 6&nbsp;\u20ac (la s\u00e9ance)<br \/>\n<em><strong>Programme :<\/strong><\/em> disponible une semaine avant<br \/>\n<em><strong>Informations et inscriptions :<\/strong><\/em> \u00e0 l\u2019Aphyllanthe.<\/p>\n<p>\t\t<\/div>\n\n\t\t\n\t\t\t\t\t<h6 role=\"button\" id=\"accordion-1-t2\" class=\"accordion-title js-accordion-controller slide\" aria-controls=\"accordion-1-c2\" aria-expanded=\"false\" tabindex=\"0\">\n\t\t\t\t<strong><span style='color:#2d7bbf;'>le 1er mars 2018 de 12h \u00e0 14h : Sortie Patinoire<\/span><\/strong>\t\t\t<\/h6>\n\t\t\n\t\t<div id=\"accordion-1-c2\" class=\"accordion-content\" aria-hidden=\"true\">\n\t\t\t<br \/>\n<figure id=\"attachment_7003\" aria-describedby=\"caption-attachment-7003\" style=\"width: 300px\" class=\"wp-caption alignright\"><img loading=\"lazy\" decoding=\"async\" src=\"http:\/\/www.aphyllanthe.fr\/association\/wp-content\/uploads\/2018\/02\/patinoire-Small-300x295.png\" alt=\"patinoire enfants\" width=\"300\" height=\"295\" class=\"size-medium wp-image-7003\" srcset=\"https:\/\/www.aphyllanthe.fr\/association\/wp-content\/uploads\/2018\/02\/patinoire-Small-300x295.png 300w, https:\/\/www.aphyllanthe.fr\/association\/wp-content\/uploads\/2018\/02\/patinoire-Small.png 488w\" sizes=\"auto, (max-width: 300px) 100vw, 300px\" \/><figcaption id=\"caption-attachment-7003\" class=\"wp-caption-text\">patinoire enfants<\/figcaption><\/figure><br \/>\n<em><strong>O\u00f9 :<\/strong><\/em> Patinoire d&rsquo;Al\u00e8s, Chemin des Sports, 30100 Al\u00e8s<br \/>\n<em><strong>Pour :<\/strong><\/em> tous \u00e0 partir de 4 ans<br \/>\n<em><strong>Tarifs :<\/strong><\/em> adh\u00e9rent 5 \u20ac ; non-adh\u00e9rent 12 \u20ac ; patins et cours inclus<br \/>\n<em>Cours et jeux avec l&rsquo;animatrice de la patinoire puis patinage libre. La piste vous est enti\u00e8rement r\u00e9serv\u00e9e !<\/em><br \/>\nCovoiturage possible<br \/>\n<em><strong>Informations et inscriptions :<\/strong><\/em> \u00e0 l\u2019Aphyllanthe.<\/p>\n<p>\t\t<\/div>\n\n\t\t\n\t\t\t\t\t<h6 role=\"button\" id=\"accordion-1-t3\" class=\"accordion-title js-accordion-controller slide\" aria-controls=\"accordion-1-c3\" aria-expanded=\"false\" tabindex=\"0\">\n\t\t\t\t<strong><span style='color:#2d7bbf;'>le 2 mars 2018 \u00e0 19h00 : Sortie LaserGame<\/span> <\/strong>\t\t\t<\/h6>\n\t\t\n\t\t<div id=\"accordion-1-c3\" class=\"accordion-content\" aria-hidden=\"true\">\n\t\t\t<br \/>\n<img loading=\"lazy\" decoding=\"async\" class=\"alignright size-thumbnail wp-image-3415\" src=\"http:\/\/www.aphyllanthe.fr\/association\/wp-content\/uploads\/2016\/02\/laser-150x150.jpg\" alt=\"laser\" width=\"150\" height=\"150\" \/><em><strong>O\u00f9 :<\/strong><\/em> Bowling LaserGames Uz\u00e8s, Chemin de la Flesque, 30700 Uz\u00e8s<br \/>\n<em><strong>Heure<\/strong><\/em> : 18h45 pour se pr\u00e9parer, la premi\u00e8re partie commen\u00e7ant \u00e0 19h00<br \/>\n<em><strong>Tarif par personne<\/strong><\/em> : adh\u00e9rent 8 \u20ac ; non-adh\u00e9rent 14 \u20ac pour 2 parties<br \/>\n<em><strong>Dur\u00e9e totale<\/strong><\/em> : entre 1 heure et 1 heure 30 (chaque partie dure 20 minutes et il faut compter 20 minutes de repos entre les 2 parties).<br \/>\n<em><strong>Nombre de personnes maxi<\/strong><\/em> : 15 (c&rsquo;est le nombre maximum de personnes pouvant jouer en m\u00eame temps en fonction de la capacit\u00e9 du labyrinthe).<br \/>\n<em><strong>Attention<\/strong><\/em> : Pas de limite d&rsquo;\u00e2ge, mais les participants doivent mesurer 1 m 20 minimum. Possibilit\u00e9 de jouer en \u00e9quipe (ex. 3 \u00e9quipes de 5 personnes, etc)<br \/>\n<em><strong>Inscriptions obligatoires :<\/strong><\/em> \u00e0 l\u2019Aphyllanthe.<br \/>\n\t\t<\/div>\n\n\t\t<br \/>\n<\/div><\/p>\n","protected":false},"excerpt":{"rendered":"<p>Les vacances scolaires d&rsquo;hiver approchent ! L&rsquo;Aphyllanthe vous propose un programme d\u2019activit\u00e9s incluant une sortie en famille \u00e0 la patinoire d&rsquo;Al\u00e8s, une s\u00e9ance de cin\u00e9ma \u00e0 Uz\u00e8s et une soir\u00e9e LaserGame. Voici les d\u00e9tails :<\/p>\n","protected":false},"author":1,"featured_media":0,"comment_status":"closed","ping_status":"closed","sticky":false,"template":"","format":"standard","meta":{"footnotes":""},"categories":[4,117],"tags":[],"class_list":["post-6993","post","type-post","status-publish","format-standard","hentry","category-annonce","category-familles-et-enfants"],"_links":{"self":[{"href":"https:\/\/www.aphyllanthe.fr\/association\/wp-json\/wp\/v2\/posts\/6993","targetHints":{"allow":["GET"]}}],"collection":[{"href":"https:\/\/www.aphyllanthe.fr\/association\/wp-json\/wp\/v2\/posts"}],"about":[{"href":"https:\/\/www.aphyllanthe.fr\/association\/wp-json\/wp\/v2\/types\/post"}],"author":[{"embeddable":true,"href":"https:\/\/www.aphyllanthe.fr\/association\/wp-json\/wp\/v2\/users\/1"}],"replies":[{"embeddable":true,"href":"https:\/\/www.aphyllanthe.fr\/association\/wp-json\/wp\/v2\/comments?post=6993"}],"version-history":[{"count":0,"href":"https:\/\/www.aphyllanthe.fr\/association\/wp-json\/wp\/v2\/posts\/6993\/revisions"}],"wp:attachment":[{"href":"https:\/\/www.aphyllanthe.fr\/association\/wp-json\/wp\/v2\/media?parent=6993"}],"wp:term":[{"taxonomy":"category","embeddable":true,"href":"https:\/\/www.aphyllanthe.fr\/association\/wp-json\/wp\/v2\/categories?post=6993"},{"taxonomy":"post_tag","embeddable":true,"href":"https:\/\/www.aphyllanthe.fr\/association\/wp-json\/wp\/v2\/tags?post=6993"}],"curies":[{"name":"wp","href":"https:\/\/api.w.org\/{rel}","templated":true}]}}