{"id":7032,"date":"2018-03-02T10:40:37","date_gmt":"2018-03-02T09:40:37","guid":{"rendered":"http:\/\/www.aphyllanthe.fr\/association\/?p=7032"},"modified":"2018-03-02T10:47:55","modified_gmt":"2018-03-02T09:47:55","slug":"sortie-au-parc-du-cosmos","status":"publish","type":"post","link":"https:\/\/www.aphyllanthe.fr\/association\/sortie-au-parc-du-cosmos\/","title":{"rendered":"Sortie au Parc du Cosmos"},"content":{"rendered":"<p><figure id=\"attachment_7042\" aria-describedby=\"caption-attachment-7042\" style=\"width: 300px\" class=\"wp-caption alignright\"><img loading=\"lazy\" decoding=\"async\" src=\"http:\/\/www.aphyllanthe.fr\/association\/wp-content\/uploads\/2018\/02\/cosmos-Small-300x160.jpg\" alt=\"Astronaute parc du Cosmos\" width=\"300\" height=\"160\" class=\"size-medium wp-image-7042\" srcset=\"https:\/\/www.aphyllanthe.fr\/association\/wp-content\/uploads\/2018\/02\/cosmos-Small-300x160.jpg 300w, https:\/\/www.aphyllanthe.fr\/association\/wp-content\/uploads\/2018\/02\/cosmos-Small-768x409.jpg 768w, https:\/\/www.aphyllanthe.fr\/association\/wp-content\/uploads\/2018\/02\/cosmos-Small-600x320.jpg 600w, https:\/\/www.aphyllanthe.fr\/association\/wp-content\/uploads\/2018\/02\/cosmos-Small.jpg 854w\" sizes=\"auto, (max-width: 300px) 100vw, 300px\" \/><figcaption id=\"caption-attachment-7042\" class=\"wp-caption-text\">Parc du Cosmos Les Angles<\/figcaption><\/figure>L&rsquo;Association l&rsquo;Aphyllanthe vous propose, le dimanche 11 mars, une sortie au Parc du Cosmos aux Angles. La sortie d\u00e9marrera par une visite guid\u00e9e du Parc d&rsquo;environ une heure et demie \u00e0 la d\u00e9couverte du Syst\u00e8me solaire, des galaxies et de l&rsquo;exploration spatiale&#8230; <!--more--><\/p>\n<p>Au fil d&rsquo;un sentier serpentant dans la garrigue, vous d\u00e9couvrirez l&rsquo;Univers, ses distances \u00ab\u00a0astronomiques\u00a0\u00bb, ses surprenantes merveilles&#8230; Vous observerez \u00e9galement des maquettes de fus\u00e9es des missions Apollo et apprendrez tout sur la vie des \u00e9toiles, leurs volumes et compositions.<\/p>\n<figure id=\"attachment_7045\" aria-describedby=\"caption-attachment-7045\" style=\"width: 300px\" class=\"wp-caption alignleft\"><img loading=\"lazy\" decoding=\"async\" src=\"http:\/\/www.aphyllanthe.fr\/association\/wp-content\/uploads\/2018\/02\/sentier-cosmos-Small-300x92.jpg\" alt=\"Parc du Cosmos sentier\" width=\"300\" height=\"92\" class=\"size-medium wp-image-7045\" srcset=\"https:\/\/www.aphyllanthe.fr\/association\/wp-content\/uploads\/2018\/02\/sentier-cosmos-Small-300x92.jpg 300w, https:\/\/www.aphyllanthe.fr\/association\/wp-content\/uploads\/2018\/02\/sentier-cosmos-Small-768x235.jpg 768w, https:\/\/www.aphyllanthe.fr\/association\/wp-content\/uploads\/2018\/02\/sentier-cosmos-Small-600x183.jpg 600w, https:\/\/www.aphyllanthe.fr\/association\/wp-content\/uploads\/2018\/02\/sentier-cosmos-Small.jpg 854w\" sizes=\"auto, (max-width: 300px) 100vw, 300px\" \/><figcaption id=\"caption-attachment-7045\" class=\"wp-caption-text\">Parc du Cosmos<\/figcaption><\/figure>\n<p><figure id=\"attachment_7036\" aria-describedby=\"caption-attachment-7036\" style=\"width: 150px\" class=\"wp-caption alignright\"><img loading=\"lazy\" decoding=\"async\" src=\"http:\/\/www.aphyllanthe.fr\/association\/wp-content\/uploads\/2018\/02\/Plan\u00e9tarium-Small-150x150.jpg\" alt=\"plan\u00e9tarium les Angles\" width=\"150\" height=\"150\" class=\"size-thumbnail wp-image-7036\" \/><figcaption id=\"caption-attachment-7036\" class=\"wp-caption-text\">Parc du Cosmos plan\u00e9tarium<\/figcaption><\/figure>La sortie se terminera au chaud \u00e0 l&rsquo;int\u00e9rieur du plan\u00e9tarium dans lequel sera projet\u00e9 des images anim\u00e9es du ciel nocturne \u00e0 la d\u00e9couverte des constellations comment\u00e9e par un guide sp\u00e9cialis\u00e9. Construit comme une borie (capitelle), ce plan\u00e9tarium est unique en son genre.<\/p>\n<h2>Attention : plus de places disponibles pour cette sortie.<\/h2>\n<p><strong>Conditions<\/strong><\/p>\n<p><em><strong>Date :<\/strong><\/em> dimanche 11 mars 2018<br \/>\n<em><strong>Heure de rdv :<\/strong><\/em> 14h15, pour le d\u00e9part de la visite guid\u00e9e \u00e0 14h30<br \/>\n<em><strong>Lieu de rdv :<\/strong><\/em> Parc du Cosmos, Avenue Charles de Gaulle &#8211; 30133 Les Angles <a href=https:\/\/www.google.fr\/maps\/place\/Parc+du+Cosmos\/@43.9617947,4.7536619,15z\/data=!4m5!3m4!1s0x0:0xb851c44214e4f9c8!8m2!3d43.9617947!4d4.7536619>Comment s&rsquo;y rendre<\/a><br \/>\n<em><strong>Dur\u00e9e :<\/strong><\/em> 1 heure et demie la visite guid\u00e9e suivie d&rsquo;une heure de projection au plan\u00e9tarium<br \/>\n<em><strong>Renseignements et r\u00e9servation :<\/strong><\/em> A l&rsquo;Association<\/p>\n<table>\n<tr>\n<th>Tarifs<\/th>\n<th>adh\u00e9rents<\/th>\n<th>non-adh\u00e9rents<\/th>\n<\/tr>\n<tr>\n<td>Adultes<\/td>\n<td>10 \u20ac<\/td>\n<td>12 \u20ac<\/td>\n<\/tr>\n<tr>\n<td>Enfants<br \/><em>(moins de 15 ans)<\/em><\/td>\n<td>4.50 \u20ac<\/td>\n<td>9 \u20ac<\/td>\n<\/tr>\n<\/table>\n<p><em><strong>Important \u00e0 savoir :<\/strong><\/em><\/p>\n<ul>\n<li>En cas de mauvais temps, la sortie sera maintenue et se d\u00e9roulera enti\u00e8rement \u00e0 l&rsquo;int\u00e9rieur.<\/li>\n<\/ul>\n<p><em><strong>R\u00e9servations :<\/strong><\/em> R\u00e8glement exig\u00e9 pour confirmer la r\u00e9servation. Il ne sera pas possible de payer sur place. Si vous ne pouvez pas passer \u00e0 la biblioth\u00e8que lors des heures d&rsquo;ouverture, vous pouvez laisser votre ch\u00e8que dans notre bo\u00eete aux lettres devant la mairie d&rsquo;Aigaliers ou nous l&rsquo;envoyer par la poste. <a href=\"http:\/\/www.aphyllanthe.fr\/association\/accueil\/\">(Nos coordonn\u00e9es.)<\/a><\/p>\n","protected":false},"excerpt":{"rendered":"<p>L&rsquo;Association l&rsquo;Aphyllanthe vous propose, le dimanche 11 mars, une sortie au Parc du Cosmos aux Angles. La sortie d\u00e9marrera par une visite guid\u00e9e du Parc d&rsquo;environ une heure et demie \u00e0 la d\u00e9couverte du Syst\u00e8me solaire, des galaxies et de l&rsquo;exploration spatiale&#8230;<\/p>\n","protected":false},"author":1,"featured_media":0,"comment_status":"closed","ping_status":"closed","sticky":false,"template":"","format":"standard","meta":{"footnotes":""},"categories":[4],"tags":[],"class_list":["post-7032","post","type-post","status-publish","format-standard","hentry","category-annonce"],"_links":{"self":[{"href":"https:\/\/www.aphyllanthe.fr\/association\/wp-json\/wp\/v2\/posts\/7032","targetHints":{"allow":["GET"]}}],"collection":[{"href":"https:\/\/www.aphyllanthe.fr\/association\/wp-json\/wp\/v2\/posts"}],"about":[{"href":"https:\/\/www.aphyllanthe.fr\/association\/wp-json\/wp\/v2\/types\/post"}],"author":[{"embeddable":true,"href":"https:\/\/www.aphyllanthe.fr\/association\/wp-json\/wp\/v2\/users\/1"}],"replies":[{"embeddable":true,"href":"https:\/\/www.aphyllanthe.fr\/association\/wp-json\/wp\/v2\/comments?post=7032"}],"version-history":[{"count":0,"href":"https:\/\/www.aphyllanthe.fr\/association\/wp-json\/wp\/v2\/posts\/7032\/revisions"}],"wp:attachment":[{"href":"https:\/\/www.aphyllanthe.fr\/association\/wp-json\/wp\/v2\/media?parent=7032"}],"wp:term":[{"taxonomy":"category","embeddable":true,"href":"https:\/\/www.aphyllanthe.fr\/association\/wp-json\/wp\/v2\/categories?post=7032"},{"taxonomy":"post_tag","embeddable":true,"href":"https:\/\/www.aphyllanthe.fr\/association\/wp-json\/wp\/v2\/tags?post=7032"}],"curies":[{"name":"wp","href":"https:\/\/api.w.org\/{rel}","templated":true}]}}