{"id":7092,"date":"2018-03-12T10:23:53","date_gmt":"2018-03-12T09:23:53","guid":{"rendered":"http:\/\/www.aphyllanthe.fr\/association\/?p=7092"},"modified":"2018-03-12T10:24:28","modified_gmt":"2018-03-12T09:24:28","slug":"les-nouveautes-dvd","status":"publish","type":"post","link":"https:\/\/www.aphyllanthe.fr\/association\/les-nouveautes-dvd\/","title":{"rendered":"Les nouveaut\u00e9s DVD"},"content":{"rendered":"<p><figure id=\"attachment_7099\" aria-describedby=\"caption-attachment-7099\" style=\"width: 231px\" class=\"wp-caption alignleft\"><a href=\"http:\/\/www.aphyllanthe.fr\/association\/wp-content\/uploads\/2018\/03\/jean-de-florette.jpg\"><img loading=\"lazy\" decoding=\"async\" src=\"http:\/\/www.aphyllanthe.fr\/association\/wp-content\/uploads\/2018\/03\/jean-de-florette-231x300.jpg\" alt=\"film jean de florette\" width=\"231\" height=\"300\" class=\"size-medium wp-image-7099\" srcset=\"https:\/\/www.aphyllanthe.fr\/association\/wp-content\/uploads\/2018\/03\/jean-de-florette-231x300.jpg 231w, https:\/\/www.aphyllanthe.fr\/association\/wp-content\/uploads\/2018\/03\/jean-de-florette-768x996.jpg 768w, https:\/\/www.aphyllanthe.fr\/association\/wp-content\/uploads\/2018\/03\/jean-de-florette-790x1024.jpg 790w, https:\/\/www.aphyllanthe.fr\/association\/wp-content\/uploads\/2018\/03\/jean-de-florette-600x778.jpg 600w, https:\/\/www.aphyllanthe.fr\/association\/wp-content\/uploads\/2018\/03\/jean-de-florette.jpg 1234w\" sizes=\"auto, (max-width: 231px) 100vw, 231px\" \/><\/a><figcaption id=\"caption-attachment-7099\" class=\"wp-caption-text\">film jean de florette<\/figcaption><\/figure>La nouvelle collection de DVDs est arriv\u00e9e mercredi 7 mars.<\/p>\n<p>Gr\u00e2ce \u00e0 la coop\u00e9ration avec la DLL du Gard, la biblioth\u00e8que d&rsquo;Aigaliers peut proposer le pr\u00eat de DVDs avec une collection renouvel\u00e9e tous les 4 mois. Le pr\u00eat est gratuit, moyennant le versement d&rsquo;une caution (non-encaiss\u00e9e) de 60 \u20ac. <\/p>\n<p><!--more--><\/p>\n<p><figure id=\"attachment_7102\" aria-describedby=\"caption-attachment-7102\" style=\"width: 218px\" class=\"wp-caption alignright\"><img loading=\"lazy\" decoding=\"async\" src=\"http:\/\/www.aphyllanthe.fr\/association\/wp-content\/uploads\/2018\/03\/prince-et-princesses-218x300.jpg\" alt=\"prince-et-princesses\" width=\"218\" height=\"300\" class=\"size-medium wp-image-7102\" srcset=\"https:\/\/www.aphyllanthe.fr\/association\/wp-content\/uploads\/2018\/03\/prince-et-princesses-218x300.jpg 218w, https:\/\/www.aphyllanthe.fr\/association\/wp-content\/uploads\/2018\/03\/prince-et-princesses-768x1057.jpg 768w, https:\/\/www.aphyllanthe.fr\/association\/wp-content\/uploads\/2018\/03\/prince-et-princesses-744x1024.jpg 744w, https:\/\/www.aphyllanthe.fr\/association\/wp-content\/uploads\/2018\/03\/prince-et-princesses-600x826.jpg 600w, https:\/\/www.aphyllanthe.fr\/association\/wp-content\/uploads\/2018\/03\/prince-et-princesses.jpg 1200w\" sizes=\"auto, (max-width: 218px) 100vw, 218px\" \/><figcaption id=\"caption-attachment-7102\" class=\"wp-caption-text\">prince-et-princesses ocelot<\/figcaption><\/figure>Parmi les dvds de cette collection, il y a des films r\u00e9cents \u00e0 grand succ\u00e8s, des grands classiques, des documentaires et des dessins-anim\u00e9s.<\/p>\n<p><a href=\"http:\/\/www.aphyllanthe.fr\/association\/pdf\/dvd\/dvd-2018-03.pdf\">Consulter la liste<\/a><\/p>\n<p>N&rsquo;h\u00e9sitez pas \u00e0 venir les emprunter ! <\/p>\n","protected":false},"excerpt":{"rendered":"<p>La nouvelle collection de DVDs est arriv\u00e9e mercredi 7 mars. Gr\u00e2ce \u00e0 la coop\u00e9ration avec la DLL du Gard, la biblioth\u00e8que d&rsquo;Aigaliers peut proposer le pr\u00eat de DVDs avec une collection renouvel\u00e9e tous les 4 mois. Le pr\u00eat est gratuit, moyennant le versement d&rsquo;une caution (non-encaiss\u00e9e) de 60 \u20ac.<\/p>\n","protected":false},"author":1,"featured_media":0,"comment_status":"closed","ping_status":"closed","sticky":false,"template":"","format":"standard","meta":{"footnotes":""},"categories":[4],"tags":[],"class_list":["post-7092","post","type-post","status-publish","format-standard","hentry","category-annonce"],"_links":{"self":[{"href":"https:\/\/www.aphyllanthe.fr\/association\/wp-json\/wp\/v2\/posts\/7092","targetHints":{"allow":["GET"]}}],"collection":[{"href":"https:\/\/www.aphyllanthe.fr\/association\/wp-json\/wp\/v2\/posts"}],"about":[{"href":"https:\/\/www.aphyllanthe.fr\/association\/wp-json\/wp\/v2\/types\/post"}],"author":[{"embeddable":true,"href":"https:\/\/www.aphyllanthe.fr\/association\/wp-json\/wp\/v2\/users\/1"}],"replies":[{"embeddable":true,"href":"https:\/\/www.aphyllanthe.fr\/association\/wp-json\/wp\/v2\/comments?post=7092"}],"version-history":[{"count":0,"href":"https:\/\/www.aphyllanthe.fr\/association\/wp-json\/wp\/v2\/posts\/7092\/revisions"}],"wp:attachment":[{"href":"https:\/\/www.aphyllanthe.fr\/association\/wp-json\/wp\/v2\/media?parent=7092"}],"wp:term":[{"taxonomy":"category","embeddable":true,"href":"https:\/\/www.aphyllanthe.fr\/association\/wp-json\/wp\/v2\/categories?post=7092"},{"taxonomy":"post_tag","embeddable":true,"href":"https:\/\/www.aphyllanthe.fr\/association\/wp-json\/wp\/v2\/tags?post=7092"}],"curies":[{"name":"wp","href":"https:\/\/api.w.org\/{rel}","templated":true}]}}