{"id":7110,"date":"2018-03-12T10:21:12","date_gmt":"2018-03-12T09:21:12","guid":{"rendered":"http:\/\/www.aphyllanthe.fr\/association\/?p=7110"},"modified":"2019-02-08T10:48:35","modified_gmt":"2019-02-08T09:48:35","slug":"des-vacances-sous-la-neige","status":"publish","type":"post","link":"https:\/\/www.aphyllanthe.fr\/association\/des-vacances-sous-la-neige\/","title":{"rendered":"Des vacances sous la neige"},"content":{"rendered":"<p><figure id=\"attachment_7120\" aria-describedby=\"caption-attachment-7120\" style=\"width: 238px\" class=\"wp-caption alignleft\"><img loading=\"lazy\" decoding=\"async\" src=\"http:\/\/www.aphyllanthe.fr\/association\/wp-content\/uploads\/2018\/03\/luge-Small-238x300.gif\" alt=\"neige et luge\" width=\"238\" height=\"300\" class=\"size-medium wp-image-7120\" \/><figcaption id=\"caption-attachment-7120\" class=\"wp-caption-text\">neige et luge<\/figcaption><\/figure>Des vrais vacances d&rsquo;hiver avec des batailles de boules de neige, des bonhommes de neige, des moments rares dans la r\u00e9gion o\u00f9 petits et grands en profitent \u00e0 100 %.<\/p>\n<p>Les intemp\u00e9ries n&rsquo;ont cependant pas emp\u00each\u00e9 les familles \u00e0 participer aux diff\u00e9rentes sorties pr\u00e9vues par l&rsquo;Association.<!--more--><\/p>\n<p>10 petits patineurs se sont rendus \u00e0 Al\u00e8s le 1er mars pour profiter pendant deux heures de la patinoire r\u00e9serv\u00e9e exclusivement pour eux de 12h \u00e0 14h.<\/p>\n<p>La sortie cin\u00e9ma initialement pr\u00e9vue le 28 f\u00e9vrier a \u00e9t\u00e9 report\u00e9e au vendredi 2 mars, 24 participants au chaud dans le cin\u00e9ma d&rsquo;Uz\u00e8s se sont r\u00e9gal\u00e9s devant \u00ab\u00a0Belle et S\u00e9bastien\u00a0\u00bb et \u00ab\u00a0Les Tuches\u00a0\u00bb.<\/p>\n<p>Les vacances se sont cl\u00f4tur\u00e9es par une soir\u00e9e Lasergames le vendredi 2 mars avec deux heures de jeux. Les douze participants s&rsquo;en sont donn\u00e9s \u00e0 c\u0153ur joie pour viser leurs adversaires dans la rigolade et la bonne humeur comme d&rsquo;habitude ! Pendant ce temps, les parents accompagnateurs ont pu profiter pour se retrouver autour d&rsquo;un verre.<\/p>\n<p>Un grand merci aux personnes qui ont bien voulu \u00eatre r\u00e9f\u00e9rentes lors des sorties.<\/p>\n","protected":false},"excerpt":{"rendered":"<p>Des vrais vacances d&rsquo;hiver avec des batailles de boules de neige, des bonhommes de neige, des moments rares dans la r\u00e9gion o\u00f9 petits et grands en profitent \u00e0 100 %. Les intemp\u00e9ries n&rsquo;ont cependant pas emp\u00each\u00e9 les familles \u00e0 participer aux diff\u00e9rentes sorties pr\u00e9vues par l&rsquo;Association.<\/p>\n","protected":false},"author":1,"featured_media":0,"comment_status":"closed","ping_status":"closed","sticky":false,"template":"","format":"standard","meta":{"footnotes":""},"categories":[117,3],"tags":[],"class_list":["post-7110","post","type-post","status-publish","format-standard","hentry","category-familles-et-enfants","category-reportage"],"_links":{"self":[{"href":"https:\/\/www.aphyllanthe.fr\/association\/wp-json\/wp\/v2\/posts\/7110","targetHints":{"allow":["GET"]}}],"collection":[{"href":"https:\/\/www.aphyllanthe.fr\/association\/wp-json\/wp\/v2\/posts"}],"about":[{"href":"https:\/\/www.aphyllanthe.fr\/association\/wp-json\/wp\/v2\/types\/post"}],"author":[{"embeddable":true,"href":"https:\/\/www.aphyllanthe.fr\/association\/wp-json\/wp\/v2\/users\/1"}],"replies":[{"embeddable":true,"href":"https:\/\/www.aphyllanthe.fr\/association\/wp-json\/wp\/v2\/comments?post=7110"}],"version-history":[{"count":0,"href":"https:\/\/www.aphyllanthe.fr\/association\/wp-json\/wp\/v2\/posts\/7110\/revisions"}],"wp:attachment":[{"href":"https:\/\/www.aphyllanthe.fr\/association\/wp-json\/wp\/v2\/media?parent=7110"}],"wp:term":[{"taxonomy":"category","embeddable":true,"href":"https:\/\/www.aphyllanthe.fr\/association\/wp-json\/wp\/v2\/categories?post=7110"},{"taxonomy":"post_tag","embeddable":true,"href":"https:\/\/www.aphyllanthe.fr\/association\/wp-json\/wp\/v2\/tags?post=7110"}],"curies":[{"name":"wp","href":"https:\/\/api.w.org\/{rel}","templated":true}]}}