{"id":7132,"date":"2018-03-14T21:04:49","date_gmt":"2018-03-14T20:04:49","guid":{"rendered":"http:\/\/www.aphyllanthe.fr\/association\/?p=7132"},"modified":"2018-03-14T21:04:49","modified_gmt":"2018-03-14T20:04:49","slug":"sortie-au-parc-du-cosmos-2","status":"publish","type":"post","link":"https:\/\/www.aphyllanthe.fr\/association\/sortie-au-parc-du-cosmos-2\/","title":{"rendered":"Sortie au Parc du Cosmos"},"content":{"rendered":"<p><figure id=\"attachment_7135\" aria-describedby=\"caption-attachment-7135\" style=\"width: 300px\" class=\"wp-caption alignleft\"><img loading=\"lazy\" decoding=\"async\" src=\"http:\/\/www.aphyllanthe.fr\/association\/wp-content\/uploads\/2018\/03\/groupe-parc-cosmos-Small-300x225.jpg\" alt=\"Groupe au Parc du Cosmos\" width=\"300\" height=\"225\" class=\"size-medium wp-image-7135\" srcset=\"https:\/\/www.aphyllanthe.fr\/association\/wp-content\/uploads\/2018\/03\/groupe-parc-cosmos-Small-300x225.jpg 300w, https:\/\/www.aphyllanthe.fr\/association\/wp-content\/uploads\/2018\/03\/groupe-parc-cosmos-Small-600x450.jpg 600w, https:\/\/www.aphyllanthe.fr\/association\/wp-content\/uploads\/2018\/03\/groupe-parc-cosmos-Small.jpg 640w\" sizes=\"auto, (max-width: 300px) 100vw, 300px\" \/><figcaption id=\"caption-attachment-7135\" class=\"wp-caption-text\">Groupe au Parc du Cosmos<\/figcaption><\/figure>Le dimanche 11 mars, vingt adh\u00e9rents de l&rsquo;Association se sont rendus aux Angles pour visiter le Parc du Cosmos.<!--more--><\/p>\n<p><figure id=\"attachment_7136\" aria-describedby=\"caption-attachment-7136\" style=\"width: 300px\" class=\"wp-caption alignright\"><img loading=\"lazy\" decoding=\"async\" src=\"http:\/\/www.aphyllanthe.fr\/association\/wp-content\/uploads\/2018\/03\/t\u00eates-en-lair-au-plan\u00e9tarium-Small-300x225.jpg\" alt=\"T\u00eates en l&#039;air au plan\u00e9tarium\" width=\"300\" height=\"225\" class=\"size-medium wp-image-7136\" srcset=\"https:\/\/www.aphyllanthe.fr\/association\/wp-content\/uploads\/2018\/03\/t\u00eates-en-lair-au-plan\u00e9tarium-Small-300x225.jpg 300w, https:\/\/www.aphyllanthe.fr\/association\/wp-content\/uploads\/2018\/03\/t\u00eates-en-lair-au-plan\u00e9tarium-Small-600x450.jpg 600w, https:\/\/www.aphyllanthe.fr\/association\/wp-content\/uploads\/2018\/03\/t\u00eates-en-lair-au-plan\u00e9tarium-Small.jpg 640w\" sizes=\"auto, (max-width: 300px) 100vw, 300px\" \/><figcaption id=\"caption-attachment-7136\" class=\"wp-caption-text\">T\u00eates en l&rsquo;air au plan\u00e9tarium<\/figcaption><\/figure>En d\u00e9but d&rsquo;apr\u00e8s-midi, le groupe s&rsquo;est install\u00e9 dans le plan\u00e9tarium situ\u00e9 \u00e0 l&rsquo;int\u00e9rieur d&rsquo;une capitelle pour admirer une projection d&rsquo;images anim\u00e9es du ciel nocturne faisant voyager nos adh\u00e9rents parmi les constellations.<\/p>\n<p><figure id=\"attachment_7138\" aria-describedby=\"caption-attachment-7138\" style=\"width: 300px\" class=\"wp-caption alignright\"><img loading=\"lazy\" decoding=\"async\" src=\"http:\/\/www.aphyllanthe.fr\/association\/wp-content\/uploads\/2018\/03\/cosmonaute-300x225.jpg\" alt=\"cosmonaute Parc du Cosmos\" width=\"300\" height=\"225\" class=\"size-medium wp-image-7138\" srcset=\"https:\/\/www.aphyllanthe.fr\/association\/wp-content\/uploads\/2018\/03\/cosmonaute-300x225.jpg 300w, https:\/\/www.aphyllanthe.fr\/association\/wp-content\/uploads\/2018\/03\/cosmonaute-768x576.jpg 768w, https:\/\/www.aphyllanthe.fr\/association\/wp-content\/uploads\/2018\/03\/cosmonaute-1024x768.jpg 1024w, https:\/\/www.aphyllanthe.fr\/association\/wp-content\/uploads\/2018\/03\/cosmonaute-600x450.jpg 600w, https:\/\/www.aphyllanthe.fr\/association\/wp-content\/uploads\/2018\/03\/cosmonaute-1320x990.jpg 1320w\" sizes=\"auto, (max-width: 300px) 100vw, 300px\" \/><figcaption id=\"caption-attachment-7138\" class=\"wp-caption-text\">cosmonaute Parc du Cosmos<\/figcaption><\/figure>Apr\u00e8s une petite pause go\u00fbter pour les plus jeunes, les participants ont emprunt\u00e9 un petit sentier de garrigue traversant le parc pour partir \u00e0 la d\u00e9couverte du Syst\u00e8me solaire, des galaxies et de l&rsquo;exploration spatiale&#8230; Gr\u00e2ce aux quelques rayons de soleil pr\u00e9sents et aux explications tr\u00e8s d\u00e9taill\u00e9es du guide Jonathan, les participants se sont r\u00e9gal\u00e9s.<\/p>\n<p>Une sortie intersid\u00e9rale et m\u00e9morable !<\/p>\n","protected":false},"excerpt":{"rendered":"<p>Le dimanche 11 mars, vingt adh\u00e9rents de l&rsquo;Association se sont rendus aux Angles pour visiter le Parc du Cosmos.<\/p>\n","protected":false},"author":1,"featured_media":0,"comment_status":"closed","ping_status":"closed","sticky":false,"template":"","format":"standard","meta":{"footnotes":""},"categories":[3],"tags":[],"class_list":["post-7132","post","type-post","status-publish","format-standard","hentry","category-reportage"],"_links":{"self":[{"href":"https:\/\/www.aphyllanthe.fr\/association\/wp-json\/wp\/v2\/posts\/7132","targetHints":{"allow":["GET"]}}],"collection":[{"href":"https:\/\/www.aphyllanthe.fr\/association\/wp-json\/wp\/v2\/posts"}],"about":[{"href":"https:\/\/www.aphyllanthe.fr\/association\/wp-json\/wp\/v2\/types\/post"}],"author":[{"embeddable":true,"href":"https:\/\/www.aphyllanthe.fr\/association\/wp-json\/wp\/v2\/users\/1"}],"replies":[{"embeddable":true,"href":"https:\/\/www.aphyllanthe.fr\/association\/wp-json\/wp\/v2\/comments?post=7132"}],"version-history":[{"count":0,"href":"https:\/\/www.aphyllanthe.fr\/association\/wp-json\/wp\/v2\/posts\/7132\/revisions"}],"wp:attachment":[{"href":"https:\/\/www.aphyllanthe.fr\/association\/wp-json\/wp\/v2\/media?parent=7132"}],"wp:term":[{"taxonomy":"category","embeddable":true,"href":"https:\/\/www.aphyllanthe.fr\/association\/wp-json\/wp\/v2\/categories?post=7132"},{"taxonomy":"post_tag","embeddable":true,"href":"https:\/\/www.aphyllanthe.fr\/association\/wp-json\/wp\/v2\/tags?post=7132"}],"curies":[{"name":"wp","href":"https:\/\/api.w.org\/{rel}","templated":true}]}}