{"id":715,"date":"2014-12-20T15:07:10","date_gmt":"2014-12-20T14:07:10","guid":{"rendered":"http:\/\/www.aphyllanthe.fr\/association\/?p=715"},"modified":"2015-03-16T21:03:42","modified_gmt":"2015-03-16T20:03:42","slug":"fermeture-de-bibliotheque-pour-la-fin-de-lannee","status":"publish","type":"post","link":"https:\/\/www.aphyllanthe.fr\/association\/fermeture-de-bibliotheque-pour-la-fin-de-lannee\/","title":{"rendered":"Fermeture de biblioth\u00e8que pour la fin de l&rsquo;ann\u00e9e"},"content":{"rendered":"<p><figure id=\"attachment_623\" aria-describedby=\"caption-attachment-623\" style=\"width: 300px\" class=\"wp-caption alignright\"><a href=\"http:\/\/www.aphyllanthe.fr\/association\/wp-content\/uploads\/2014\/12\/bibliotheque-01.jpg\"><img loading=\"lazy\" decoding=\"async\" class=\"size-medium wp-image-623\" src=\"http:\/\/www.aphyllanthe.fr\/association\/wp-content\/uploads\/2014\/12\/bibliotheque-01-300x177.jpg\" alt=\"la biblioth\u00e8que : une partie de la collection\" width=\"300\" height=\"177\" srcset=\"https:\/\/www.aphyllanthe.fr\/association\/wp-content\/uploads\/2014\/12\/bibliotheque-01-300x177.jpg 300w, https:\/\/www.aphyllanthe.fr\/association\/wp-content\/uploads\/2014\/12\/bibliotheque-01-1024x605.jpg 1024w, https:\/\/www.aphyllanthe.fr\/association\/wp-content\/uploads\/2014\/12\/bibliotheque-01-600x355.jpg 600w, https:\/\/www.aphyllanthe.fr\/association\/wp-content\/uploads\/2014\/12\/bibliotheque-01.jpg 1298w\" sizes=\"auto, (max-width: 300px) 100vw, 300px\" \/><\/a><figcaption id=\"caption-attachment-623\" class=\"wp-caption-text\">la biblioth\u00e8que : une partie de la collection<\/figcaption><\/figure>L&rsquo;Association informe ses adh\u00e9rents que la biblioth\u00e8que sera ferm\u00e9e du <strong>23 d\u00e9cembre 2014 au 1er janvier 2015.<\/strong>\u00a0 R\u00e9ouverture le 2 janvier<\/p>\n<p>La derni\u00e8re possibilit\u00e9 de sortir des livres, des dvd ou de s&rsquo;inscrire pour les activit\u00e9s entre les deux f\u00eates sera l&rsquo;apr\u00e8s-midi du lundi 22 d\u00e9cembre. L&rsquo;Association souhaite de bonnes f\u00eates \u00e0 ses adh\u00e9rents.<\/p>\n","protected":false},"excerpt":{"rendered":"<p>L&rsquo;Association informe ses adh\u00e9rents que la biblioth\u00e8que sera ferm\u00e9e du 23 d\u00e9cembre 2014 au 1er janvier 2015.\u00a0 R\u00e9ouverture le 2 janvier La derni\u00e8re possibilit\u00e9 de sortir des livres, des dvd ou de s&rsquo;inscrire pour les activit\u00e9s entre les deux f\u00eates sera l&rsquo;apr\u00e8s-midi du lundi 22 d\u00e9cembre. L&rsquo;Association souhaite de bonnes f\u00eates \u00e0 ses adh\u00e9rents.<\/p>\n","protected":false},"author":1,"featured_media":0,"comment_status":"closed","ping_status":"open","sticky":false,"template":"","format":"standard","meta":{"footnotes":""},"categories":[4],"tags":[],"class_list":["post-715","post","type-post","status-publish","format-standard","hentry","category-annonce"],"_links":{"self":[{"href":"https:\/\/www.aphyllanthe.fr\/association\/wp-json\/wp\/v2\/posts\/715","targetHints":{"allow":["GET"]}}],"collection":[{"href":"https:\/\/www.aphyllanthe.fr\/association\/wp-json\/wp\/v2\/posts"}],"about":[{"href":"https:\/\/www.aphyllanthe.fr\/association\/wp-json\/wp\/v2\/types\/post"}],"author":[{"embeddable":true,"href":"https:\/\/www.aphyllanthe.fr\/association\/wp-json\/wp\/v2\/users\/1"}],"replies":[{"embeddable":true,"href":"https:\/\/www.aphyllanthe.fr\/association\/wp-json\/wp\/v2\/comments?post=715"}],"version-history":[{"count":0,"href":"https:\/\/www.aphyllanthe.fr\/association\/wp-json\/wp\/v2\/posts\/715\/revisions"}],"wp:attachment":[{"href":"https:\/\/www.aphyllanthe.fr\/association\/wp-json\/wp\/v2\/media?parent=715"}],"wp:term":[{"taxonomy":"category","embeddable":true,"href":"https:\/\/www.aphyllanthe.fr\/association\/wp-json\/wp\/v2\/categories?post=715"},{"taxonomy":"post_tag","embeddable":true,"href":"https:\/\/www.aphyllanthe.fr\/association\/wp-json\/wp\/v2\/tags?post=715"}],"curies":[{"name":"wp","href":"https:\/\/api.w.org\/{rel}","templated":true}]}}