{"id":7332,"date":"2018-04-29T08:53:06","date_gmt":"2018-04-29T07:53:06","guid":{"rendered":"http:\/\/www.aphyllanthe.fr\/association\/?p=7332"},"modified":"2018-08-25T14:18:34","modified_gmt":"2018-08-25T13:18:34","slug":"petits-bonnets-grand-cause","status":"publish","type":"post","link":"https:\/\/www.aphyllanthe.fr\/association\/petits-bonnets-grand-cause\/","title":{"rendered":"Petits bonnets, grande cause"},"content":{"rendered":"<figure id=\"attachment_7334\" aria-describedby=\"caption-attachment-7334\" style=\"width: 989px\" class=\"wp-caption aligncenter\"><img loading=\"lazy\" decoding=\"async\" class=\"size-full wp-image-7334\" src=\"http:\/\/www.aphyllanthe.fr\/association\/wp-content\/uploads\/2018\/04\/scanimg.jpg\" alt=\"petits bonnets, grand cause\" width=\"989\" height=\"382\" srcset=\"https:\/\/www.aphyllanthe.fr\/association\/wp-content\/uploads\/2018\/04\/scanimg.jpg 989w, https:\/\/www.aphyllanthe.fr\/association\/wp-content\/uploads\/2018\/04\/scanimg-300x116.jpg 300w, https:\/\/www.aphyllanthe.fr\/association\/wp-content\/uploads\/2018\/04\/scanimg-768x297.jpg 768w, https:\/\/www.aphyllanthe.fr\/association\/wp-content\/uploads\/2018\/04\/scanimg-600x232.jpg 600w\" sizes=\"auto, (max-width: 989px) 100vw, 989px\" \/><figcaption id=\"caption-attachment-7334\" class=\"wp-caption-text\">petits bonnets, grande cause<\/figcaption><\/figure>\n<p>Les petits fr\u00e8res des Pauvres viennent de boucler leur reportage sur la 12\u00e8me \u00e9dition du programme \u00ab\u00a0Petits bonnets, grande cause\u00a0\u00bb. <!--more--><\/p>\n<p>\u2192 Le groupe tricot-th\u00e9 de l&rsquo;Aphyllanthe participe depuis plusieurs ann\u00e9es en confectionnant des petits bonnets destin\u00e9s \u00e0 coiffer des boissons vendus \u00e0 no\u00ebl dans les boulangeries des grandes villes. Le fabricant des boissons r\u00e9troc\u00e8de une somme d&rsquo;argent \u00e0 l&rsquo;Association les Petits Fr\u00e8res des Pauvres pour chaque boisson coiff\u00e9e vendue. Nos tricoteuses ont envoy\u00e9 plus de 230 bonnets en d\u00e9cembre 2017 en contribution au programme. Nous venons de recevoir une lettre de remerciements et le bilan du programme pour l\u2019ann\u00e9e 2017 <a href=\"http:\/\/aphyllanthe.fr\/association\/pdf\/lettre-petits-freres-2018.pdf\" target=\"_blank\" rel=\"noopener\">que vous pouvez lire ici<\/a>.<\/p>\n","protected":false},"excerpt":{"rendered":"<p>Les petits fr\u00e8res des Pauvres viennent de boucler leur reportage sur la 12\u00e8me \u00e9dition du programme \u00ab\u00a0Petits bonnets, grande cause\u00a0\u00bb.<\/p>\n","protected":false},"author":1,"featured_media":0,"comment_status":"closed","ping_status":"closed","sticky":false,"template":"","format":"standard","meta":{"footnotes":""},"categories":[3,100],"tags":[],"class_list":["post-7332","post","type-post","status-publish","format-standard","hentry","category-reportage","category-travaux-manuels"],"_links":{"self":[{"href":"https:\/\/www.aphyllanthe.fr\/association\/wp-json\/wp\/v2\/posts\/7332","targetHints":{"allow":["GET"]}}],"collection":[{"href":"https:\/\/www.aphyllanthe.fr\/association\/wp-json\/wp\/v2\/posts"}],"about":[{"href":"https:\/\/www.aphyllanthe.fr\/association\/wp-json\/wp\/v2\/types\/post"}],"author":[{"embeddable":true,"href":"https:\/\/www.aphyllanthe.fr\/association\/wp-json\/wp\/v2\/users\/1"}],"replies":[{"embeddable":true,"href":"https:\/\/www.aphyllanthe.fr\/association\/wp-json\/wp\/v2\/comments?post=7332"}],"version-history":[{"count":0,"href":"https:\/\/www.aphyllanthe.fr\/association\/wp-json\/wp\/v2\/posts\/7332\/revisions"}],"wp:attachment":[{"href":"https:\/\/www.aphyllanthe.fr\/association\/wp-json\/wp\/v2\/media?parent=7332"}],"wp:term":[{"taxonomy":"category","embeddable":true,"href":"https:\/\/www.aphyllanthe.fr\/association\/wp-json\/wp\/v2\/categories?post=7332"},{"taxonomy":"post_tag","embeddable":true,"href":"https:\/\/www.aphyllanthe.fr\/association\/wp-json\/wp\/v2\/tags?post=7332"}],"curies":[{"name":"wp","href":"https:\/\/api.w.org\/{rel}","templated":true}]}}