{"id":7679,"date":"2018-06-27T20:50:58","date_gmt":"2018-06-27T19:50:58","guid":{"rendered":"http:\/\/www.aphyllanthe.fr\/association\/?p=7679"},"modified":"2018-06-27T20:52:32","modified_gmt":"2018-06-27T19:52:32","slug":"repas-de-fin-dannee-pour-les-ateliers-de-gym","status":"publish","type":"post","link":"https:\/\/www.aphyllanthe.fr\/association\/repas-de-fin-dannee-pour-les-ateliers-de-gym\/","title":{"rendered":"Repas de fin d&rsquo;ann\u00e9e pour les ateliers de gym"},"content":{"rendered":"<p><figure id=\"attachment_7681\" aria-describedby=\"caption-attachment-7681\" style=\"width: 300px\" class=\"wp-caption alignleft\"><img loading=\"lazy\" decoding=\"async\" src=\"http:\/\/www.aphyllanthe.fr\/association\/wp-content\/uploads\/2018\/06\/repas-gym-Medium-e1530015942188-300x225.jpg\" alt=\"repas gym \u00e9t\u00e9 2018\" width=\"300\" height=\"225\" class=\"size-medium wp-image-7681\" srcset=\"https:\/\/www.aphyllanthe.fr\/association\/wp-content\/uploads\/2018\/06\/repas-gym-Medium-e1530015942188-300x225.jpg 300w, https:\/\/www.aphyllanthe.fr\/association\/wp-content\/uploads\/2018\/06\/repas-gym-Medium-e1530015942188-768x576.jpg 768w, https:\/\/www.aphyllanthe.fr\/association\/wp-content\/uploads\/2018\/06\/repas-gym-Medium-e1530015942188.jpg 1024w, https:\/\/www.aphyllanthe.fr\/association\/wp-content\/uploads\/2018\/06\/repas-gym-Medium-e1530015942188-600x450.jpg 600w\" sizes=\"auto, (max-width: 300px) 100vw, 300px\" \/><figcaption id=\"caption-attachment-7681\" class=\"wp-caption-text\">repas gym \u00e9t\u00e9 2018<\/figcaption><\/figure>Comme toutes les ann\u00e9es les participants \u00e0 la gym se retrouvent pour un d\u00e9jeuner en ce qui concerne la gym douce, et un d\u00eener pour la gym d&rsquo;entretien durant le mois de juin. Apr\u00e8s les exercices, \u00e9tirements et abdominaux, il est bon de se retrouver autour d&rsquo;un repas partag\u00e9 o\u00f9 chacun apporte un plat. Apr\u00e8s les efforts de l&rsquo;ann\u00e9e \u00e9coul\u00e9e&#8230; le r\u00e9confort &#8230;<br \/>\n<!--more--><\/p>\n<p>Ces cours de gym, en plus d&rsquo;\u00eatre salutaires pour la sant\u00e9 gr\u00e2ce aux cours de Dominique et de son attention \u00e0 notre \u00e9gard, selon les possibilit\u00e9s ou difficult\u00e9s de chacun, sont aussi un lieu de rencontre pour les adh\u00e9rents o\u00f9 se tissent des liens d&rsquo;amiti\u00e9 et o\u00f9 la bonne humeur est toujours de mise.<\/p>\n<p>Merci encore \u00e0 Dominique pour ses cours, aux bienfaits qu&rsquo;ils nous apportent, \u00e0 sa gentillesse, et, merci \u00e0 tous et toutes des quatre cours pour la joyeuse convivialit\u00e9 qui y r\u00e8gne. <\/p>\n<p>Un cadeau, de la part de tous a \u00e9t\u00e9 offert \u00e0 Dominique ce jeudi 14 juin, au cours de ce d\u00e9licieux repas. A l&rsquo;ann\u00e9e prochaine!<\/p>\n","protected":false},"excerpt":{"rendered":"<p>Comme toutes les ann\u00e9es les participants \u00e0 la gym se retrouvent pour un d\u00e9jeuner en ce qui concerne la gym douce, et un d\u00eener pour la gym d&rsquo;entretien durant le mois de juin. Apr\u00e8s les exercices, \u00e9tirements et abdominaux, il est bon de se retrouver autour d&rsquo;un repas partag\u00e9 o\u00f9 chacun apporte un plat. Apr\u00e8s &hellip; <a href=\"https:\/\/www.aphyllanthe.fr\/association\/repas-de-fin-dannee-pour-les-ateliers-de-gym\/\" class=\"more-link\">Continuer la lecture de <span class=\"screen-reader-text\">Repas de fin d&rsquo;ann\u00e9e pour les ateliers de gym<\/span>  <span class=\"meta-nav\">&rarr;<\/span><\/a><\/p>\n","protected":false},"author":1,"featured_media":0,"comment_status":"closed","ping_status":"closed","sticky":false,"template":"","format":"standard","meta":{"footnotes":""},"categories":[3],"tags":[],"class_list":["post-7679","post","type-post","status-publish","format-standard","hentry","category-reportage"],"_links":{"self":[{"href":"https:\/\/www.aphyllanthe.fr\/association\/wp-json\/wp\/v2\/posts\/7679","targetHints":{"allow":["GET"]}}],"collection":[{"href":"https:\/\/www.aphyllanthe.fr\/association\/wp-json\/wp\/v2\/posts"}],"about":[{"href":"https:\/\/www.aphyllanthe.fr\/association\/wp-json\/wp\/v2\/types\/post"}],"author":[{"embeddable":true,"href":"https:\/\/www.aphyllanthe.fr\/association\/wp-json\/wp\/v2\/users\/1"}],"replies":[{"embeddable":true,"href":"https:\/\/www.aphyllanthe.fr\/association\/wp-json\/wp\/v2\/comments?post=7679"}],"version-history":[{"count":0,"href":"https:\/\/www.aphyllanthe.fr\/association\/wp-json\/wp\/v2\/posts\/7679\/revisions"}],"wp:attachment":[{"href":"https:\/\/www.aphyllanthe.fr\/association\/wp-json\/wp\/v2\/media?parent=7679"}],"wp:term":[{"taxonomy":"category","embeddable":true,"href":"https:\/\/www.aphyllanthe.fr\/association\/wp-json\/wp\/v2\/categories?post=7679"},{"taxonomy":"post_tag","embeddable":true,"href":"https:\/\/www.aphyllanthe.fr\/association\/wp-json\/wp\/v2\/tags?post=7679"}],"curies":[{"name":"wp","href":"https:\/\/api.w.org\/{rel}","templated":true}]}}