{"id":7741,"date":"2018-06-15T10:02:56","date_gmt":"2018-06-15T09:02:56","guid":{"rendered":"http:\/\/www.aphyllanthe.fr\/association\/?p=7741"},"modified":"2018-06-29T10:42:46","modified_gmt":"2018-06-29T09:42:46","slug":"materiel-et-fournitures-a-donner","status":"publish","type":"post","link":"https:\/\/www.aphyllanthe.fr\/association\/materiel-et-fournitures-a-donner\/","title":{"rendered":"Mat\u00e9riel et fournitures \u00e0 donner"},"content":{"rendered":"<p><figure id=\"attachment_7740\" aria-describedby=\"caption-attachment-7740\" style=\"width: 300px\" class=\"wp-caption alignleft\"><a href=\"http:\/\/www.aphyllanthe.fr\/association\/wp-content\/uploads\/2018\/06\/fournitures-\u00e0-donner-Medium-e1530262845310.jpg\"><img loading=\"lazy\" decoding=\"async\" src=\"http:\/\/www.aphyllanthe.fr\/association\/wp-content\/uploads\/2018\/06\/fournitures-\u00e0-donner-Medium-e1530262845310-300x225.jpg\" alt=\"fournitures \u00e0 donner\" width=\"300\" height=\"225\" class=\"size-medium wp-image-7740\" srcset=\"https:\/\/www.aphyllanthe.fr\/association\/wp-content\/uploads\/2018\/06\/fournitures-\u00e0-donner-Medium-e1530262845310-300x225.jpg 300w, https:\/\/www.aphyllanthe.fr\/association\/wp-content\/uploads\/2018\/06\/fournitures-\u00e0-donner-Medium-e1530262845310-768x576.jpg 768w, https:\/\/www.aphyllanthe.fr\/association\/wp-content\/uploads\/2018\/06\/fournitures-\u00e0-donner-Medium-e1530262845310.jpg 1024w, https:\/\/www.aphyllanthe.fr\/association\/wp-content\/uploads\/2018\/06\/fournitures-\u00e0-donner-Medium-e1530262845310-600x450.jpg 600w\" sizes=\"auto, (max-width: 300px) 100vw, 300px\" \/><\/a><figcaption id=\"caption-attachment-7740\" class=\"wp-caption-text\">fournitures \u00e0 donner<\/figcaption><\/figure>En raison du d\u00e9m\u00e9nagement, nous faisons un tri dans le mat\u00e9riel de la biblioth\u00e8que. Certaines choses ne nous sont plus utiles (cartouches d&rsquo;encre pour imprimantes, classeurs, bo\u00eetes archives, pochettes diverses etc&#8230;) et nous souhaitons en faire profiter gracieusement nos adh\u00e9rents. Si vous \u00eates int\u00e9ress\u00e9s par quelque chose, n&rsquo;h\u00e9sitez pas \u00e0 passer au plus t\u00f4t \u00e0 la biblioth\u00e8que. Les premiers arriv\u00e9s seront les premiers servis !<\/p>\n<p><strong>Nous vous rappelons que la biblioth\u00e8que fermera ses portes pour l&rsquo;\u00e9t\u00e9 \u00e0 partir du 18 juillet et r\u00e9-ouvrira le 22 ao\u00fbt dans la salle de l&rsquo;Ancien Presbyt\u00e8re (un peu plus haut dans le village).<\/strong><\/p>\n<p>A bient\u00f4t,<\/p>\n","protected":false},"excerpt":{"rendered":"<p>En raison du d\u00e9m\u00e9nagement, nous faisons un tri dans le mat\u00e9riel de la biblioth\u00e8que. Certaines choses ne nous sont plus utiles (cartouches d&rsquo;encre pour imprimantes, classeurs, bo\u00eetes archives, pochettes diverses etc&#8230;) et nous souhaitons en faire profiter gracieusement nos adh\u00e9rents. Si vous \u00eates int\u00e9ress\u00e9s par quelque chose, n&rsquo;h\u00e9sitez pas \u00e0 passer au plus t\u00f4t \u00e0 &hellip; <a href=\"https:\/\/www.aphyllanthe.fr\/association\/materiel-et-fournitures-a-donner\/\" class=\"more-link\">Continuer la lecture de <span class=\"screen-reader-text\">Mat\u00e9riel et fournitures \u00e0 donner<\/span>  <span class=\"meta-nav\">&rarr;<\/span><\/a><\/p>\n","protected":false},"author":1,"featured_media":0,"comment_status":"closed","ping_status":"closed","sticky":false,"template":"","format":"standard","meta":{"footnotes":""},"categories":[4],"tags":[],"class_list":["post-7741","post","type-post","status-publish","format-standard","hentry","category-annonce"],"_links":{"self":[{"href":"https:\/\/www.aphyllanthe.fr\/association\/wp-json\/wp\/v2\/posts\/7741","targetHints":{"allow":["GET"]}}],"collection":[{"href":"https:\/\/www.aphyllanthe.fr\/association\/wp-json\/wp\/v2\/posts"}],"about":[{"href":"https:\/\/www.aphyllanthe.fr\/association\/wp-json\/wp\/v2\/types\/post"}],"author":[{"embeddable":true,"href":"https:\/\/www.aphyllanthe.fr\/association\/wp-json\/wp\/v2\/users\/1"}],"replies":[{"embeddable":true,"href":"https:\/\/www.aphyllanthe.fr\/association\/wp-json\/wp\/v2\/comments?post=7741"}],"version-history":[{"count":0,"href":"https:\/\/www.aphyllanthe.fr\/association\/wp-json\/wp\/v2\/posts\/7741\/revisions"}],"wp:attachment":[{"href":"https:\/\/www.aphyllanthe.fr\/association\/wp-json\/wp\/v2\/media?parent=7741"}],"wp:term":[{"taxonomy":"category","embeddable":true,"href":"https:\/\/www.aphyllanthe.fr\/association\/wp-json\/wp\/v2\/categories?post=7741"},{"taxonomy":"post_tag","embeddable":true,"href":"https:\/\/www.aphyllanthe.fr\/association\/wp-json\/wp\/v2\/tags?post=7741"}],"curies":[{"name":"wp","href":"https:\/\/api.w.org\/{rel}","templated":true}]}}