{"id":7755,"date":"2018-07-24T10:45:10","date_gmt":"2018-07-24T09:45:10","guid":{"rendered":"http:\/\/www.aphyllanthe.fr\/association\/?p=7755"},"modified":"2018-07-24T10:45:10","modified_gmt":"2018-07-24T09:45:10","slug":"rentree-septembre-2018","status":"publish","type":"post","link":"https:\/\/www.aphyllanthe.fr\/association\/rentree-septembre-2018\/","title":{"rendered":"Rentr\u00e9e septembre 2018"},"content":{"rendered":"<p><figure id=\"attachment_7760\" aria-describedby=\"caption-attachment-7760\" style=\"width: 284px\" class=\"wp-caption alignleft\"><img loading=\"lazy\" decoding=\"async\" src=\"http:\/\/www.aphyllanthe.fr\/association\/wp-content\/uploads\/2018\/07\/cartons-site-284x300.jpg\" alt=\"d\u00e9m\u00e9nagement\" width=\"284\" height=\"300\" class=\"size-medium wp-image-7760\" srcset=\"https:\/\/www.aphyllanthe.fr\/association\/wp-content\/uploads\/2018\/07\/cartons-site-284x300.jpg 284w, https:\/\/www.aphyllanthe.fr\/association\/wp-content\/uploads\/2018\/07\/cartons-site.jpg 597w\" sizes=\"auto, (max-width: 284px) 100vw, 284px\" \/><figcaption id=\"caption-attachment-7760\" class=\"wp-caption-text\">d\u00e9m\u00e9nagement<\/figcaption><\/figure>Au milieu des cartons de d\u00e9m\u00e9nagement, l&rsquo;Aphyllanthe pr\u00e9pare quand m\u00eame la rentr\u00e9e ! <a href=\"http:\/\/www.aphyllanthe.fr\/association\/activites-hebdomadaires-2018-19\/\" rel=\"noopener\" target=\"_blank\">Voici la liste des activit\u00e9s hebdomadaires qui vous seront propos\u00e9es d\u00e8s le mois de septembre 2018.<\/a> <\/p>\n<p>Attention, pour les habitu\u00e9s, les lieux ont chang\u00e9 en raison du d\u00e9m\u00e9nagement et de l&rsquo;indisponibilit\u00e9 du foyer d&rsquo;Aigaliers pour cette ann\u00e9e. Nous remercions les mairies de Baron, Foissac et Serviers pour le pr\u00eat de leurs locaux pendant la p\u00e9riode des travaux de r\u00e9novation.<!--more--><\/p>\n<p>Nous vous donnons rendez-vous le samedi 8 septembre de 15h00 \u00e0 18h30 dans nos nouveaux locaux \u00e0 l&rsquo;Ancien Presbyt\u00e8re d&rsquo;Aigaliers pour la journ\u00e9e portes ouvertes o\u00f9 vous pourrez rencontrer les animatrices et les b\u00e9n\u00e9voles de l&rsquo;Association.<\/p>\n<p>La reprise des activit\u00e9s aura lieu la semaine du 17 septembre.<\/p>\n<p>Nous restons disponibles par t\u00e9l\u00e9phone au 04-66-22-10-20 et par mail pendant tout l&rsquo;\u00e9t\u00e9 sauf du 6 au 20 ao\u00fbt.<\/p>\n<p>Bel \u00e9t\u00e9 \u00e0 tous !<\/p>\n","protected":false},"excerpt":{"rendered":"<p>Au milieu des cartons de d\u00e9m\u00e9nagement, l&rsquo;Aphyllanthe pr\u00e9pare quand m\u00eame la rentr\u00e9e ! Voici la liste des activit\u00e9s hebdomadaires qui vous seront propos\u00e9es d\u00e8s le mois de septembre 2018. Attention, pour les habitu\u00e9s, les lieux ont chang\u00e9 en raison du d\u00e9m\u00e9nagement et de l&rsquo;indisponibilit\u00e9 du foyer d&rsquo;Aigaliers pour cette ann\u00e9e. Nous remercions les mairies de &hellip; <a href=\"https:\/\/www.aphyllanthe.fr\/association\/rentree-septembre-2018\/\" class=\"more-link\">Continuer la lecture de <span class=\"screen-reader-text\">Rentr\u00e9e septembre 2018<\/span>  <span class=\"meta-nav\">&rarr;<\/span><\/a><\/p>\n","protected":false},"author":1,"featured_media":0,"comment_status":"closed","ping_status":"closed","sticky":false,"template":"","format":"standard","meta":{"footnotes":""},"categories":[4],"tags":[],"class_list":["post-7755","post","type-post","status-publish","format-standard","hentry","category-annonce"],"_links":{"self":[{"href":"https:\/\/www.aphyllanthe.fr\/association\/wp-json\/wp\/v2\/posts\/7755","targetHints":{"allow":["GET"]}}],"collection":[{"href":"https:\/\/www.aphyllanthe.fr\/association\/wp-json\/wp\/v2\/posts"}],"about":[{"href":"https:\/\/www.aphyllanthe.fr\/association\/wp-json\/wp\/v2\/types\/post"}],"author":[{"embeddable":true,"href":"https:\/\/www.aphyllanthe.fr\/association\/wp-json\/wp\/v2\/users\/1"}],"replies":[{"embeddable":true,"href":"https:\/\/www.aphyllanthe.fr\/association\/wp-json\/wp\/v2\/comments?post=7755"}],"version-history":[{"count":0,"href":"https:\/\/www.aphyllanthe.fr\/association\/wp-json\/wp\/v2\/posts\/7755\/revisions"}],"wp:attachment":[{"href":"https:\/\/www.aphyllanthe.fr\/association\/wp-json\/wp\/v2\/media?parent=7755"}],"wp:term":[{"taxonomy":"category","embeddable":true,"href":"https:\/\/www.aphyllanthe.fr\/association\/wp-json\/wp\/v2\/categories?post=7755"},{"taxonomy":"post_tag","embeddable":true,"href":"https:\/\/www.aphyllanthe.fr\/association\/wp-json\/wp\/v2\/tags?post=7755"}],"curies":[{"name":"wp","href":"https:\/\/api.w.org\/{rel}","templated":true}]}}