{"id":8277,"date":"2018-11-21T21:21:36","date_gmt":"2018-11-21T20:21:36","guid":{"rendered":"https:\/\/www.aphyllanthe.fr\/association\/?p=8277"},"modified":"2018-11-25T13:54:16","modified_gmt":"2018-11-25T12:54:16","slug":"visite-de-maison-rouge-a-saint-jean-du-gard","status":"publish","type":"post","link":"https:\/\/www.aphyllanthe.fr\/association\/visite-de-maison-rouge-a-saint-jean-du-gard\/","title":{"rendered":"Visite de Maison Rouge \u00e0 Saint Jean du Gard"},"content":{"rendered":"<figure id=\"attachment_8279\" aria-describedby=\"caption-attachment-8279\" style=\"width: 300px\" class=\"wp-caption alignleft\"><img loading=\"lazy\" decoding=\"async\" class=\"size-medium wp-image-8279\" src=\"https:\/\/www.aphyllanthe.fr\/association\/wp-content\/uploads\/2018\/11\/Maison-Rouge-1-Medium-300x169.jpg\" alt=\"Maison Rouge 1\" width=\"300\" height=\"169\" srcset=\"https:\/\/www.aphyllanthe.fr\/association\/wp-content\/uploads\/2018\/11\/Maison-Rouge-1-Medium-300x169.jpg 300w, https:\/\/www.aphyllanthe.fr\/association\/wp-content\/uploads\/2018\/11\/Maison-Rouge-1-Medium-768x432.jpg 768w, https:\/\/www.aphyllanthe.fr\/association\/wp-content\/uploads\/2018\/11\/Maison-Rouge-1-Medium-1024x576.jpg 1024w, https:\/\/www.aphyllanthe.fr\/association\/wp-content\/uploads\/2018\/11\/Maison-Rouge-1-Medium-600x338.jpg 600w, https:\/\/www.aphyllanthe.fr\/association\/wp-content\/uploads\/2018\/11\/Maison-Rouge-1-Medium-1320x743.jpg 1320w, https:\/\/www.aphyllanthe.fr\/association\/wp-content\/uploads\/2018\/11\/Maison-Rouge-1-Medium.jpg 1365w\" sizes=\"auto, (max-width: 300px) 100vw, 300px\" \/><figcaption id=\"caption-attachment-8279\" class=\"wp-caption-text\">Photo ancienne, mus\u00e9e des Vall\u00e9es C\u00e9venoles<\/figcaption><\/figure>\n<p>C&rsquo;est dans l&rsquo;ancienne filature, enti\u00e8rement restaur\u00e9e, et un b\u00e2timent contemporain construit en parall\u00e8le, que 25 adultes et enfants se sont retrouv\u00e9s, samedi 17 novembre, pour visiter le tr\u00e8s beau mus\u00e9e de Maison Rouge (mus\u00e9e des Vall\u00e9es C\u00e9venoles) \u00e0 Saint-Jean-du-Gard.<!--more--><\/p>\n<p>Notre guide nous a fait d\u00e9couvrir au fil des salles, tous les aspects de la culture c\u00e9venole, son histoire, son identit\u00e9 \u00e0 travers une impressionnante collection d&rsquo;objets, de textes, de photos et de petits films qui retracent la vie quotidienne dans les C\u00e9vennes. La grande salle est d\u00e9di\u00e9e \u00e0 la s\u00e9riciculture, au travail du fil de soie et \u00e0 la vie des ouvri\u00e8res.<\/p>\n<p>Notre visite s&rsquo;est termin\u00e9e par un exposition temporaire de photographies: C\u00e9vennes \u00e9toil\u00e9es de Carole Reboul, photographe r\u00e9gionale. Et avant de partir nous avons profit\u00e9 d&rsquo;un moment convivial \u00e0 la taverne du mus\u00e9e.<\/p>\n<div id='gallery-1' class='gallery galleryid-8277 gallery-columns-3 gallery-size-thumbnail'><figure class='gallery-item'>\n\t\t\t<div class='gallery-icon landscape'>\n\t\t\t\t<a href='https:\/\/www.aphyllanthe.fr\/association\/wp-content\/uploads\/2018\/11\/P1040301-Medium.jpg'><img loading=\"lazy\" decoding=\"async\" width=\"150\" height=\"150\" src=\"https:\/\/www.aphyllanthe.fr\/association\/wp-content\/uploads\/2018\/11\/P1040301-Medium-150x150.jpg\" class=\"attachment-thumbnail size-thumbnail\" alt=\"Groupe Maison Rouge\" aria-describedby=\"gallery-1-8333\" \/><\/a>\n\t\t\t<\/div>\n\t\t\t\t<figcaption class='wp-caption-text gallery-caption' id='gallery-1-8333'>\n\t\t\t\tGroupe Maison Rouge\n\t\t\t\t<\/figcaption><\/figure><figure class='gallery-item'>\n\t\t\t<div class='gallery-icon landscape'>\n\t\t\t\t<a href='https:\/\/www.aphyllanthe.fr\/association\/wp-content\/uploads\/2018\/11\/P1040302-Medium.jpg'><img loading=\"lazy\" decoding=\"async\" width=\"150\" height=\"150\" src=\"https:\/\/www.aphyllanthe.fr\/association\/wp-content\/uploads\/2018\/11\/P1040302-Medium-150x150.jpg\" class=\"attachment-thumbnail size-thumbnail\" alt=\"Guide Maison Rouge\" aria-describedby=\"gallery-1-8334\" \/><\/a>\n\t\t\t<\/div>\n\t\t\t\t<figcaption class='wp-caption-text gallery-caption' id='gallery-1-8334'>\n\t\t\t\tGuide Maison Rouge\n\t\t\t\t<\/figcaption><\/figure><figure class='gallery-item'>\n\t\t\t<div class='gallery-icon landscape'>\n\t\t\t\t<a href='https:\/\/www.aphyllanthe.fr\/association\/wp-content\/uploads\/2018\/11\/Maison-Rouge-C\u00e9line-Nicole-et-Martine-Medium.jpg'><img loading=\"lazy\" decoding=\"async\" width=\"150\" height=\"150\" src=\"https:\/\/www.aphyllanthe.fr\/association\/wp-content\/uploads\/2018\/11\/Maison-Rouge-C\u00e9line-Nicole-et-Martine-Medium-150x150.jpg\" class=\"attachment-thumbnail size-thumbnail\" alt=\"Maison Rouge C\u00e9line Nicole et Martine\" aria-describedby=\"gallery-1-8282\" \/><\/a>\n\t\t\t<\/div>\n\t\t\t\t<figcaption class='wp-caption-text gallery-caption' id='gallery-1-8282'>\n\t\t\t\tune minute de r\u00e9pit pendant la visite\n\t\t\t\t<\/figcaption><\/figure><figure class='gallery-item'>\n\t\t\t<div class='gallery-icon landscape'>\n\t\t\t\t<a href='https:\/\/www.aphyllanthe.fr\/association\/wp-content\/uploads\/2018\/11\/P1040323-Medium.jpg'><img loading=\"lazy\" decoding=\"async\" width=\"150\" height=\"150\" src=\"https:\/\/www.aphyllanthe.fr\/association\/wp-content\/uploads\/2018\/11\/P1040323-Medium-150x150.jpg\" class=\"attachment-thumbnail size-thumbnail\" alt=\"Expo Maison Rouge\" aria-describedby=\"gallery-1-8341\" \/><\/a>\n\t\t\t<\/div>\n\t\t\t\t<figcaption class='wp-caption-text gallery-caption' id='gallery-1-8341'>\n\t\t\t\tExpo Maison Rouge\n\t\t\t\t<\/figcaption><\/figure><figure class='gallery-item'>\n\t\t\t<div class='gallery-icon landscape'>\n\t\t\t\t<a href='https:\/\/www.aphyllanthe.fr\/association\/wp-content\/uploads\/2018\/11\/P1040313-Medium.jpg'><img loading=\"lazy\" decoding=\"async\" width=\"150\" height=\"150\" src=\"https:\/\/www.aphyllanthe.fr\/association\/wp-content\/uploads\/2018\/11\/P1040313-Medium-150x150.jpg\" class=\"attachment-thumbnail size-thumbnail\" alt=\"Expo Maison Rouge\" aria-describedby=\"gallery-1-8337\" \/><\/a>\n\t\t\t<\/div>\n\t\t\t\t<figcaption class='wp-caption-text gallery-caption' id='gallery-1-8337'>\n\t\t\t\tExpo Maison Rouge\n\t\t\t\t<\/figcaption><\/figure><figure class='gallery-item'>\n\t\t\t<div class='gallery-icon landscape'>\n\t\t\t\t<a href='https:\/\/www.aphyllanthe.fr\/association\/wp-content\/uploads\/2018\/11\/P1040314-Medium.jpg'><img loading=\"lazy\" decoding=\"async\" width=\"150\" height=\"150\" src=\"https:\/\/www.aphyllanthe.fr\/association\/wp-content\/uploads\/2018\/11\/P1040314-Medium-150x150.jpg\" class=\"attachment-thumbnail size-thumbnail\" alt=\"Expo Maison Rouge\" aria-describedby=\"gallery-1-8338\" \/><\/a>\n\t\t\t<\/div>\n\t\t\t\t<figcaption class='wp-caption-text gallery-caption' id='gallery-1-8338'>\n\t\t\t\tExpo Maison Rouge\n\t\t\t\t<\/figcaption><\/figure><figure class='gallery-item'>\n\t\t\t<div class='gallery-icon landscape'>\n\t\t\t\t<a href='https:\/\/www.aphyllanthe.fr\/association\/wp-content\/uploads\/2018\/11\/P1040321-Medium.jpg'><img loading=\"lazy\" decoding=\"async\" width=\"150\" height=\"150\" src=\"https:\/\/www.aphyllanthe.fr\/association\/wp-content\/uploads\/2018\/11\/P1040321-Medium-150x150.jpg\" class=\"attachment-thumbnail size-thumbnail\" alt=\"Expo Maison Rouge\" aria-describedby=\"gallery-1-8339\" \/><\/a>\n\t\t\t<\/div>\n\t\t\t\t<figcaption class='wp-caption-text gallery-caption' id='gallery-1-8339'>\n\t\t\t\tExpo Maison Rouge\n\t\t\t\t<\/figcaption><\/figure><figure class='gallery-item'>\n\t\t\t<div class='gallery-icon landscape'>\n\t\t\t\t<a href='https:\/\/www.aphyllanthe.fr\/association\/wp-content\/uploads\/2018\/11\/P1040322-Medium.jpg'><img loading=\"lazy\" decoding=\"async\" width=\"150\" height=\"150\" src=\"https:\/\/www.aphyllanthe.fr\/association\/wp-content\/uploads\/2018\/11\/P1040322-Medium-150x150.jpg\" class=\"attachment-thumbnail size-thumbnail\" alt=\"Expo Maison Rouge\" aria-describedby=\"gallery-1-8340\" \/><\/a>\n\t\t\t<\/div>\n\t\t\t\t<figcaption class='wp-caption-text gallery-caption' id='gallery-1-8340'>\n\t\t\t\tExpo Maison Rouge\n\t\t\t\t<\/figcaption><\/figure><figure class='gallery-item'>\n\t\t\t<div class='gallery-icon landscape'>\n\t\t\t\t<a href='https:\/\/www.aphyllanthe.fr\/association\/wp-content\/uploads\/2018\/11\/P1040333-Medium.jpg'><img loading=\"lazy\" decoding=\"async\" width=\"150\" height=\"150\" src=\"https:\/\/www.aphyllanthe.fr\/association\/wp-content\/uploads\/2018\/11\/P1040333-Medium-150x150.jpg\" class=\"attachment-thumbnail size-thumbnail\" alt=\"Expo Maison Rouge\" aria-describedby=\"gallery-1-8342\" \/><\/a>\n\t\t\t<\/div>\n\t\t\t\t<figcaption class='wp-caption-text gallery-caption' id='gallery-1-8342'>\n\t\t\t\tExpo Maison Rouge\n\t\t\t\t<\/figcaption><\/figure><figure class='gallery-item'>\n\t\t\t<div class='gallery-icon landscape'>\n\t\t\t\t<a href='https:\/\/www.aphyllanthe.fr\/association\/wp-content\/uploads\/2018\/11\/P1040335-Medium.jpg'><img loading=\"lazy\" decoding=\"async\" width=\"150\" height=\"150\" src=\"https:\/\/www.aphyllanthe.fr\/association\/wp-content\/uploads\/2018\/11\/P1040335-Medium-150x150.jpg\" class=\"attachment-thumbnail size-thumbnail\" alt=\"Expo Maison Rouge\" aria-describedby=\"gallery-1-8343\" \/><\/a>\n\t\t\t<\/div>\n\t\t\t\t<figcaption class='wp-caption-text gallery-caption' id='gallery-1-8343'>\n\t\t\t\tExpo Maison Rouge\n\t\t\t\t<\/figcaption><\/figure><figure class='gallery-item'>\n\t\t\t<div class='gallery-icon portrait'>\n\t\t\t\t<a href='https:\/\/www.aphyllanthe.fr\/association\/wp-content\/uploads\/2018\/11\/P1040309-Medium.jpg'><img loading=\"lazy\" decoding=\"async\" width=\"150\" height=\"150\" src=\"https:\/\/www.aphyllanthe.fr\/association\/wp-content\/uploads\/2018\/11\/P1040309-Medium-150x150.jpg\" class=\"attachment-thumbnail size-thumbnail\" alt=\"Expo Maison Rouge\" aria-describedby=\"gallery-1-8336\" \/><\/a>\n\t\t\t<\/div>\n\t\t\t\t<figcaption class='wp-caption-text gallery-caption' id='gallery-1-8336'>\n\t\t\t\tExpo Maison Rouge\n\t\t\t\t<\/figcaption><\/figure><figure class='gallery-item'>\n\t\t\t<div class='gallery-icon landscape'>\n\t\t\t\t<a href='https:\/\/www.aphyllanthe.fr\/association\/wp-content\/uploads\/2018\/11\/P1040305-Medium.jpg'><img loading=\"lazy\" decoding=\"async\" width=\"150\" height=\"150\" src=\"https:\/\/www.aphyllanthe.fr\/association\/wp-content\/uploads\/2018\/11\/P1040305-Medium-150x150.jpg\" class=\"attachment-thumbnail size-thumbnail\" alt=\"Ane\" aria-describedby=\"gallery-1-8335\" \/><\/a>\n\t\t\t<\/div>\n\t\t\t\t<figcaption class='wp-caption-text gallery-caption' id='gallery-1-8335'>\n\t\t\t\tAne\n\t\t\t\t<\/figcaption><\/figure><figure class='gallery-item'>\n\t\t\t<div class='gallery-icon landscape'>\n\t\t\t\t<a href='https:\/\/www.aphyllanthe.fr\/association\/wp-content\/uploads\/2018\/11\/Maison-Rouge-3-Medium.jpg'><img loading=\"lazy\" decoding=\"async\" width=\"150\" height=\"150\" src=\"https:\/\/www.aphyllanthe.fr\/association\/wp-content\/uploads\/2018\/11\/Maison-Rouge-3-Medium-150x150.jpg\" class=\"attachment-thumbnail size-thumbnail\" alt=\"Maison Rouge 3\" aria-describedby=\"gallery-1-8281\" \/><\/a>\n\t\t\t<\/div>\n\t\t\t\t<figcaption class='wp-caption-text gallery-caption' id='gallery-1-8281'>\n\t\t\t\ttextiles \u00e0 Maison Rouge\n\t\t\t\t<\/figcaption><\/figure><figure class='gallery-item'>\n\t\t\t<div class='gallery-icon landscape'>\n\t\t\t\t<a href='https:\/\/www.aphyllanthe.fr\/association\/wp-content\/uploads\/2018\/11\/Maison-Rouge-2-Medium.jpg'><img loading=\"lazy\" decoding=\"async\" width=\"150\" height=\"150\" src=\"https:\/\/www.aphyllanthe.fr\/association\/wp-content\/uploads\/2018\/11\/Maison-Rouge-2-Medium-150x150.jpg\" class=\"attachment-thumbnail size-thumbnail\" alt=\"Maison Rouge 2\" aria-describedby=\"gallery-1-8280\" \/><\/a>\n\t\t\t<\/div>\n\t\t\t\t<figcaption class='wp-caption-text gallery-caption' id='gallery-1-8280'>\n\t\t\t\tfemmes au travail, filature\n\t\t\t\t<\/figcaption><\/figure>\n\t\t<\/div>\n\n<p><a href=\"https:\/\/fr.wikipedia.org\/wiki\/Mus%C3%A9e_des_vall%C3%A9es_c%C3%A9venoles\" rel=\"noopener\" target=\"_blank\">Histoire de Maison Rouge.<\/a><br \/>\n<a href=\"http:\/\/www.maisonrouge-musee.fr\/\" rel=\"noopener\" target=\"_blank\">Informations suppl\u00e9mentaires sur le mus\u00e9e.<\/a><\/p>\n","protected":false},"excerpt":{"rendered":"<p>C&rsquo;est dans l&rsquo;ancienne filature, enti\u00e8rement restaur\u00e9e, et un b\u00e2timent contemporain construit en parall\u00e8le, que 25 adultes et enfants se sont retrouv\u00e9s, samedi 17 novembre, pour visiter le tr\u00e8s beau mus\u00e9e de Maison Rouge (mus\u00e9e des Vall\u00e9es C\u00e9venoles) \u00e0 Saint-Jean-du-Gard.<\/p>\n","protected":false},"author":1,"featured_media":0,"comment_status":"closed","ping_status":"closed","sticky":false,"template":"","format":"standard","meta":{"footnotes":""},"categories":[3,113],"tags":[],"class_list":["post-8277","post","type-post","status-publish","format-standard","hentry","category-reportage","category-sorties-patrimoine"],"_links":{"self":[{"href":"https:\/\/www.aphyllanthe.fr\/association\/wp-json\/wp\/v2\/posts\/8277","targetHints":{"allow":["GET"]}}],"collection":[{"href":"https:\/\/www.aphyllanthe.fr\/association\/wp-json\/wp\/v2\/posts"}],"about":[{"href":"https:\/\/www.aphyllanthe.fr\/association\/wp-json\/wp\/v2\/types\/post"}],"author":[{"embeddable":true,"href":"https:\/\/www.aphyllanthe.fr\/association\/wp-json\/wp\/v2\/users\/1"}],"replies":[{"embeddable":true,"href":"https:\/\/www.aphyllanthe.fr\/association\/wp-json\/wp\/v2\/comments?post=8277"}],"version-history":[{"count":0,"href":"https:\/\/www.aphyllanthe.fr\/association\/wp-json\/wp\/v2\/posts\/8277\/revisions"}],"wp:attachment":[{"href":"https:\/\/www.aphyllanthe.fr\/association\/wp-json\/wp\/v2\/media?parent=8277"}],"wp:term":[{"taxonomy":"category","embeddable":true,"href":"https:\/\/www.aphyllanthe.fr\/association\/wp-json\/wp\/v2\/categories?post=8277"},{"taxonomy":"post_tag","embeddable":true,"href":"https:\/\/www.aphyllanthe.fr\/association\/wp-json\/wp\/v2\/tags?post=8277"}],"curies":[{"name":"wp","href":"https:\/\/api.w.org\/{rel}","templated":true}]}}