{"id":8351,"date":"2018-11-29T09:30:10","date_gmt":"2018-11-29T08:30:10","guid":{"rendered":"https:\/\/www.aphyllanthe.fr\/association\/?p=8351"},"modified":"2019-04-03T06:40:20","modified_gmt":"2019-04-03T05:40:20","slug":"atelier-de-patisseries-de-noel","status":"publish","type":"post","link":"https:\/\/www.aphyllanthe.fr\/association\/atelier-de-patisseries-de-noel\/","title":{"rendered":"Atelier de p\u00e2tisseries de No\u00ebl"},"content":{"rendered":"<p><img loading=\"lazy\" decoding=\"async\" src=\"https:\/\/www.aphyllanthe.fr\/association\/wp-content\/uploads\/2018\/12\/partage-de-savoirs-L-300x206.png\" alt=\"\" width=\"200\" height=\"134\" class=\"alignleft size-medium wp-image-8446\" \/><img loading=\"lazy\" decoding=\"async\" src=\"https:\/\/www.aphyllanthe.fr\/association\/wp-content\/uploads\/2018\/11\/spritz-Medium-150x150.jpg\" alt=\"spritz de N\u00f6el\" width=\"150\" height=\"150\" class=\"alignright size-thumbnail wp-image-8353\" \/><strong>Ateliers de partage de savoirs :<\/strong> L&rsquo;Aphyllanthe vous propose un atelier de p\u00e2tisseries de No\u00ebl <strong>le samedi 15 d\u00e9cembre 14h \u00e0 17h<\/strong> chez Ginette \u00e0 Euzet.<\/p>\n<p><!--more--><\/p>\n<div style=\"clear:both;\"><\/div>\n<p><figure id=\"attachment_8354\" aria-describedby=\"caption-attachment-8354\" style=\"width: 300px\" class=\"wp-caption alignright\"><img loading=\"lazy\" decoding=\"async\" class=\"size-medium wp-image-8354\" src=\"https:\/\/www.aphyllanthe.fr\/association\/wp-content\/uploads\/2018\/11\/Sabl\u00e9s-de-No\u00ebl-Medium-300x200.jpg\" alt=\"Sabl\u00e9s de No\u00ebl\" width=\"300\" height=\"200\" srcset=\"https:\/\/www.aphyllanthe.fr\/association\/wp-content\/uploads\/2018\/11\/Sabl\u00e9s-de-No\u00ebl-Medium-300x200.jpg 300w, https:\/\/www.aphyllanthe.fr\/association\/wp-content\/uploads\/2018\/11\/Sabl\u00e9s-de-No\u00ebl-Medium-768x512.jpg 768w, https:\/\/www.aphyllanthe.fr\/association\/wp-content\/uploads\/2018\/11\/Sabl\u00e9s-de-No\u00ebl-Medium-1024x682.jpg 1024w, https:\/\/www.aphyllanthe.fr\/association\/wp-content\/uploads\/2018\/11\/Sabl\u00e9s-de-No\u00ebl-Medium-600x400.jpg 600w, https:\/\/www.aphyllanthe.fr\/association\/wp-content\/uploads\/2018\/11\/Sabl\u00e9s-de-No\u00ebl-Medium.jpg 1153w\" sizes=\"auto, (max-width: 300px) 100vw, 300px\" \/><figcaption id=\"caption-attachment-8354\" class=\"wp-caption-text\">Sabl\u00e9s de No\u00ebl<\/figcaption><\/figure><strong>Interg\u00e9n\u00e9rationnel<\/strong> : \u00e0 partir de 4 ans avec accompagnement<br \/>\n<strong>Th\u00e8me<\/strong> : No\u00ebl<br \/>\n<strong>Animatrice<\/strong>: Ginette Engrand et Claude Huguet-Bordel<br \/>\n<strong>Dur\u00e9e<\/strong> : 3 heures<br \/>\n<strong>Tarifs<\/strong> : 2 \u20ac<br \/>\n<strong>Mat\u00e9riel \u00e0 apporter par chaque participant<\/strong> :<br \/>\nUn rouleau \u00e0 patisseries et son plus beau tablier !<br \/>\n<strong>R\u00e9servation obligatoire<\/strong> : Nombre limit\u00e9 \u00e0 8 personnes, le lieu exact vous sera communiqu\u00e9 lors de la r\u00e9servation.<\/p>\n<p><em><strong>Renseignements et r\u00e9servation<em><strong> : <a href=\"http:\/\/www.aphyllanthe.fr\/association\/accueil\/\">(Nos coordonn\u00e9es.)<\/a><\/strong><\/em><\/strong><\/em><\/p>\n","protected":false},"excerpt":{"rendered":"<p>Ateliers de partage de savoirs : L&rsquo;Aphyllanthe vous propose un atelier de p\u00e2tisseries de No\u00ebl le samedi 15 d\u00e9cembre 14h \u00e0 17h chez Ginette \u00e0 Euzet.<\/p>\n","protected":false},"author":1,"featured_media":0,"comment_status":"closed","ping_status":"closed","sticky":false,"template":"","format":"standard","meta":{"footnotes":""},"categories":[4,118,100],"tags":[],"class_list":["post-8351","post","type-post","status-publish","format-standard","hentry","category-annonce","category-partage-de-savoirs","category-travaux-manuels"],"_links":{"self":[{"href":"https:\/\/www.aphyllanthe.fr\/association\/wp-json\/wp\/v2\/posts\/8351","targetHints":{"allow":["GET"]}}],"collection":[{"href":"https:\/\/www.aphyllanthe.fr\/association\/wp-json\/wp\/v2\/posts"}],"about":[{"href":"https:\/\/www.aphyllanthe.fr\/association\/wp-json\/wp\/v2\/types\/post"}],"author":[{"embeddable":true,"href":"https:\/\/www.aphyllanthe.fr\/association\/wp-json\/wp\/v2\/users\/1"}],"replies":[{"embeddable":true,"href":"https:\/\/www.aphyllanthe.fr\/association\/wp-json\/wp\/v2\/comments?post=8351"}],"version-history":[{"count":0,"href":"https:\/\/www.aphyllanthe.fr\/association\/wp-json\/wp\/v2\/posts\/8351\/revisions"}],"wp:attachment":[{"href":"https:\/\/www.aphyllanthe.fr\/association\/wp-json\/wp\/v2\/media?parent=8351"}],"wp:term":[{"taxonomy":"category","embeddable":true,"href":"https:\/\/www.aphyllanthe.fr\/association\/wp-json\/wp\/v2\/categories?post=8351"},{"taxonomy":"post_tag","embeddable":true,"href":"https:\/\/www.aphyllanthe.fr\/association\/wp-json\/wp\/v2\/tags?post=8351"}],"curies":[{"name":"wp","href":"https:\/\/api.w.org\/{rel}","templated":true}]}}