{"id":8365,"date":"2018-11-29T09:59:10","date_gmt":"2018-11-29T08:59:10","guid":{"rendered":"https:\/\/www.aphyllanthe.fr\/association\/?p=8365"},"modified":"2019-01-31T16:25:47","modified_gmt":"2019-01-31T15:25:47","slug":"spectacle-de-noel-au-cratere-dales","status":"publish","type":"post","link":"https:\/\/www.aphyllanthe.fr\/association\/spectacle-de-noel-au-cratere-dales\/","title":{"rendered":"Spectacle de No\u00ebl au Crat\u00e8re d&rsquo;Al\u00e8s"},"content":{"rendered":"<p><figure id=\"attachment_8418\" aria-describedby=\"caption-attachment-8418\" style=\"width: 300px\" class=\"wp-caption alignleft\"><img loading=\"lazy\" decoding=\"async\" src=\"https:\/\/www.aphyllanthe.fr\/association\/wp-content\/uploads\/2018\/11\/melange-2-temps-1-300x204.png\" alt=\"spectacle au Crat\u00e8re\" width=\"300\" height=\"204\" class=\"size-medium wp-image-8418\" srcset=\"https:\/\/www.aphyllanthe.fr\/association\/wp-content\/uploads\/2018\/11\/melange-2-temps-1-300x204.png 300w, https:\/\/www.aphyllanthe.fr\/association\/wp-content\/uploads\/2018\/11\/melange-2-temps-1-600x409.png 600w, https:\/\/www.aphyllanthe.fr\/association\/wp-content\/uploads\/2018\/11\/melange-2-temps-1.png 687w\" sizes=\"auto, (max-width: 300px) 100vw, 300px\" \/><figcaption id=\"caption-attachment-8418\" class=\"wp-caption-text\">spectacle au Crat\u00e8re<\/figcaption><\/figure>L&rsquo;Aphyllanthe propose une sortie au Crat\u00e8re d&rsquo;Al\u00e8s le dimanche 16 d\u00e9cembre \u00e0 16h00 pour voir le spectacle \u00ab\u00a0M\u00e9lange 2 temps\u00a0\u00bb de la compagnie BP ZOOM. <\/p>\n<p><!--more--><\/p>\n<p><strong>Infos sur le spectacle <\/strong> : Mister P, le grand na\u00eff et Mister B, le pince-sans-rire font se rencontrer le burlesque et le po\u00e9tique dans de grands \u00e9clats de rire&#8230;Spectacle tout public.<\/p>\n<div style=\"clear: left;\"><\/div>\n<p><em><strong>Date :<\/strong><\/em> dimanche 16 d\u00e9cembre 2018<br \/>\n<strong>Conditions<\/strong> :<br \/>\n<strong>Heure du spectacle<\/strong> : 16h<br \/>\n<strong>Lieu<\/strong> : Crat\u00e8re d&rsquo;Al\u00e8s. <a href=\"https:\/\/www.google.fr\/maps\/place\/Le+Crat%C3%A8re+sc%C3%A8ne+nationale+d'Al%C3%A8s\/@44.1239986,4.0792558,17z\/data=!3m1!4b1!4m5!3m4!1s0x12b442bb730277f7:0x33fa354cce8bb5f1!8m2!3d44.1239986!4d4.0814445\">Comment s&rsquo;y rendre<\/a><br \/>\n<strong>Dur\u00e9e<\/strong> : 1 heure et demie<br \/>\n<strong>Tarifs<\/strong> :<\/p>\n<ul style=\"margin-top: -20px;\">\n<li>adh\u00e9rents : 4 \u20ac<\/li>\n<li>non-adh\u00e9rents : 8.50 \u20ac<\/li>\n<\/ul>\n<p><em><strong>Renseignements et r\u00e9servation :<\/strong><\/em> A l&rsquo;Association<br \/>\n<em><strong>R\u00e9servations :<\/strong><\/em> R\u00e8glement exig\u00e9 pour confirmer la r\u00e9servation. Il ne sera pas possible de payer sur place. Si vous ne pouvez pas passer \u00e0 la biblioth\u00e8que lors des heures d&rsquo;ouverture, vous pouvez laisser votre ch\u00e8que dans notre bo\u00eete aux lettres devant nos nouveaux locaux situ\u00e9s \u00e0 l&rsquo;Ancien Presbyt\u00e8re ou nous l&rsquo;envoyer par la poste. <a href=\"http:\/\/www.aphyllanthe.fr\/association\/accueil\/\">(Nos coordonn\u00e9es.)<\/a><\/p>\n","protected":false},"excerpt":{"rendered":"<p>L&rsquo;Aphyllanthe propose une sortie au Crat\u00e8re d&rsquo;Al\u00e8s le dimanche 16 d\u00e9cembre \u00e0 16h00 pour voir le spectacle \u00ab\u00a0M\u00e9lange 2 temps\u00a0\u00bb de la compagnie BP ZOOM.<\/p>\n","protected":false},"author":1,"featured_media":0,"comment_status":"closed","ping_status":"closed","sticky":false,"template":"","format":"standard","meta":{"footnotes":""},"categories":[4,117],"tags":[],"class_list":["post-8365","post","type-post","status-publish","format-standard","hentry","category-annonce","category-familles-et-enfants"],"_links":{"self":[{"href":"https:\/\/www.aphyllanthe.fr\/association\/wp-json\/wp\/v2\/posts\/8365","targetHints":{"allow":["GET"]}}],"collection":[{"href":"https:\/\/www.aphyllanthe.fr\/association\/wp-json\/wp\/v2\/posts"}],"about":[{"href":"https:\/\/www.aphyllanthe.fr\/association\/wp-json\/wp\/v2\/types\/post"}],"author":[{"embeddable":true,"href":"https:\/\/www.aphyllanthe.fr\/association\/wp-json\/wp\/v2\/users\/1"}],"replies":[{"embeddable":true,"href":"https:\/\/www.aphyllanthe.fr\/association\/wp-json\/wp\/v2\/comments?post=8365"}],"version-history":[{"count":0,"href":"https:\/\/www.aphyllanthe.fr\/association\/wp-json\/wp\/v2\/posts\/8365\/revisions"}],"wp:attachment":[{"href":"https:\/\/www.aphyllanthe.fr\/association\/wp-json\/wp\/v2\/media?parent=8365"}],"wp:term":[{"taxonomy":"category","embeddable":true,"href":"https:\/\/www.aphyllanthe.fr\/association\/wp-json\/wp\/v2\/categories?post=8365"},{"taxonomy":"post_tag","embeddable":true,"href":"https:\/\/www.aphyllanthe.fr\/association\/wp-json\/wp\/v2\/tags?post=8365"}],"curies":[{"name":"wp","href":"https:\/\/api.w.org\/{rel}","templated":true}]}}