{"id":8822,"date":"2019-01-11T10:00:01","date_gmt":"2019-01-11T09:00:01","guid":{"rendered":"https:\/\/www.aphyllanthe.fr\/association\/?p=8822"},"modified":"2019-01-31T16:21:53","modified_gmt":"2019-01-31T15:21:53","slug":"sortie-au-musee-du-sahara","status":"publish","type":"post","link":"https:\/\/www.aphyllanthe.fr\/association\/sortie-au-musee-du-sahara\/","title":{"rendered":"Sortie au mus\u00e9e du Sahara"},"content":{"rendered":"<p><figure id=\"attachment_8826\" aria-describedby=\"caption-attachment-8826\" style=\"width: 275px\" class=\"wp-caption alignleft\"><img loading=\"lazy\" decoding=\"async\" src=\"https:\/\/www.aphyllanthe.fr\/association\/wp-content\/uploads\/2019\/01\/sahara2.jpg\" alt=\"Mus\u00e9e du Sahara\" width=\"275\" height=\"183\" class=\"size-full wp-image-8826\" \/><figcaption id=\"caption-attachment-8826\" class=\"wp-caption-text\">Mus\u00e9e du Sahara<\/figcaption><\/figure>Pour d\u00e9marrer l&rsquo;ann\u00e9e, l&rsquo;Association vous propose une sortie culturelle au Mus\u00e9e du Sahara du Cr\u00e8s \u00e0 c\u00f4t\u00e9 de Montpellier : <strong><em>une invitation au voyage \u00e0 travers le Sahara, son histoire et ses populations, gr\u00e2ce \u00e0 la visite guid\u00e9e par le cr\u00e9ateur et propri\u00e9taire de ce mus\u00e9e atypique<\/em><\/strong>. Vous y d\u00e9couvrirez toute une collection d&rsquo;objets d&rsquo;Afrique du Nord.<br \/>\n<!--more--><\/p>\n<h4>Conditions<\/h4>\n<p><em><strong>Date :<\/strong><\/em> Dimanche 27 janvier<br \/>\n<em><strong>Heure :<\/strong><\/em> rdv \u00e0 14h45 \u00e0 l&rsquo;entr\u00e9e du Mus\u00e9e<br \/>\n(dur\u00e9e : environ 2 heures)<br \/>\n<em><strong>Lieu de rdv :<\/strong><\/em> Mus\u00e9e du Sahara, Le Cr\u00e8s, 1 Avenue de Castelnau (34920). <a href=\"https:\/\/www.google.com\/maps\/place\/Mus%C3%A9e+Du+Sahara\/@43.6405165,3.930495,17z\/data=!3m1!4b1!4m5!3m4!1s0x12b6a5db93f95731:0x5d7e28a990e9dfc7!8m2!3d43.6405165!4d3.9326837?hl=fr\">Comment s&rsquo;y rendre<\/a><\/p>\n<table>\n<tbody>\n<tr>\n<th>Tarifs<\/th>\n<th>adh\u00e9rents<\/th>\n<th>non-adh\u00e9rents<\/th>\n<\/tr>\n<tr>\n<td>Adultes<\/td>\n<td>5 \u20ac<\/td>\n<td>6 \u20ac<\/td>\n<\/tr>\n<tr>\n<td>Enfants<\/td>\n<td>5 \u20ac<\/td>\n<td>6 \u20ac<\/td>\n<\/tr>\n<\/tbody>\n<\/table>\n<p><em><strong>R\u00e9servation obligatoire :<\/strong><\/em> R\u00e8glement exig\u00e9 pour confirmer la r\u00e9servation. Il ne sera pas possible de payer sur place. Si vous ne pouvez pas passer \u00e0 la biblioth\u00e8que lors des heures d&rsquo;ouverture, vous pouvez laisser votre ch\u00e8que dans notre bo\u00eete aux lettres. <a href=\"http:\/\/www.aphyllanthe.fr\/association\/accueil\/\">(Nos coordonn\u00e9es.)<\/a><\/p>\n<p><em><strong>Renseignements :<\/strong><\/em> Association l&rsquo;Aphyllanthe &#8211; 04.66.22.10.20 &#8211; aphyllanthe@orange.fr<\/p>\n","protected":false},"excerpt":{"rendered":"<p>Pour d\u00e9marrer l&rsquo;ann\u00e9e, l&rsquo;Association vous propose une sortie culturelle au Mus\u00e9e du Sahara du Cr\u00e8s \u00e0 c\u00f4t\u00e9 de Montpellier : une invitation au voyage \u00e0 travers le Sahara, son histoire et ses populations, gr\u00e2ce \u00e0 la visite guid\u00e9e par le cr\u00e9ateur et propri\u00e9taire de ce mus\u00e9e atypique. Vous y d\u00e9couvrirez toute une collection d&rsquo;objets d&rsquo;Afrique &hellip; <a href=\"https:\/\/www.aphyllanthe.fr\/association\/sortie-au-musee-du-sahara\/\" class=\"more-link\">Continuer la lecture de <span class=\"screen-reader-text\">Sortie au mus\u00e9e du Sahara<\/span>  <span class=\"meta-nav\">&rarr;<\/span><\/a><\/p>\n","protected":false},"author":1,"featured_media":8935,"comment_status":"closed","ping_status":"closed","sticky":false,"template":"","format":"standard","meta":{"footnotes":""},"categories":[4,113],"tags":[],"class_list":["post-8822","post","type-post","status-publish","format-standard","has-post-thumbnail","hentry","category-annonce","category-sorties-patrimoine"],"_links":{"self":[{"href":"https:\/\/www.aphyllanthe.fr\/association\/wp-json\/wp\/v2\/posts\/8822","targetHints":{"allow":["GET"]}}],"collection":[{"href":"https:\/\/www.aphyllanthe.fr\/association\/wp-json\/wp\/v2\/posts"}],"about":[{"href":"https:\/\/www.aphyllanthe.fr\/association\/wp-json\/wp\/v2\/types\/post"}],"author":[{"embeddable":true,"href":"https:\/\/www.aphyllanthe.fr\/association\/wp-json\/wp\/v2\/users\/1"}],"replies":[{"embeddable":true,"href":"https:\/\/www.aphyllanthe.fr\/association\/wp-json\/wp\/v2\/comments?post=8822"}],"version-history":[{"count":0,"href":"https:\/\/www.aphyllanthe.fr\/association\/wp-json\/wp\/v2\/posts\/8822\/revisions"}],"wp:featuredmedia":[{"embeddable":true,"href":"https:\/\/www.aphyllanthe.fr\/association\/wp-json\/wp\/v2\/media\/8935"}],"wp:attachment":[{"href":"https:\/\/www.aphyllanthe.fr\/association\/wp-json\/wp\/v2\/media?parent=8822"}],"wp:term":[{"taxonomy":"category","embeddable":true,"href":"https:\/\/www.aphyllanthe.fr\/association\/wp-json\/wp\/v2\/categories?post=8822"},{"taxonomy":"post_tag","embeddable":true,"href":"https:\/\/www.aphyllanthe.fr\/association\/wp-json\/wp\/v2\/tags?post=8822"}],"curies":[{"name":"wp","href":"https:\/\/api.w.org\/{rel}","templated":true}]}}