{"id":9044,"date":"2019-02-15T14:50:37","date_gmt":"2019-02-15T13:50:37","guid":{"rendered":"https:\/\/www.aphyllanthe.fr\/association\/?p=9044"},"modified":"2019-03-07T10:09:09","modified_gmt":"2019-03-07T09:09:09","slug":"des-vacances-dhiver-animees-a-laphyllanthe","status":"publish","type":"post","link":"https:\/\/www.aphyllanthe.fr\/association\/des-vacances-dhiver-animees-a-laphyllanthe\/","title":{"rendered":"Des vacances d&rsquo;hiver anim\u00e9es \u00e0 l&rsquo;Aphyllanthe"},"content":{"rendered":"<p><figure id=\"attachment_9060\" aria-describedby=\"caption-attachment-9060\" style=\"width: 298px\" class=\"wp-caption alignleft\"><img loading=\"lazy\" decoding=\"async\" src=\"https:\/\/www.aphyllanthe.fr\/association\/wp-content\/uploads\/2019\/02\/pingouin-patineur-298x300.png\" alt=\"\" width=\"298\" height=\"300\" class=\"size-medium wp-image-9060\" srcset=\"https:\/\/www.aphyllanthe.fr\/association\/wp-content\/uploads\/2019\/02\/pingouin-patineur-298x300.png 298w, https:\/\/www.aphyllanthe.fr\/association\/wp-content\/uploads\/2019\/02\/pingouin-patineur-150x150.png 150w, https:\/\/www.aphyllanthe.fr\/association\/wp-content\/uploads\/2019\/02\/pingouin-patineur.png 391w\" sizes=\"auto, (max-width: 298px) 100vw, 298px\" \/><figcaption id=\"caption-attachment-9060\" class=\"wp-caption-text\">le pingouin patineur<\/figcaption><\/figure><br \/>\n&nbsp;&nbsp;&nbsp;<br \/>\nL&rsquo;Aphyllanthe vous propose de nombreuses activit\u00e9s ludiques pour les vacances d&rsquo;hiver 2019. <\/p>\n<p>Il reste encore quelques places, alors n&rsquo;h\u00e9sitez pas \u00e0 venir vous inscrire. Il y a de quoi s&rsquo;amuser en famille !  <!--more--><br \/>\n<div id=\"accordion-1\" class=\"accordion no-js\">\n\t\t\t\t\t<h6 role=\"button\" id=\"accordion-1-t1\" class=\"accordion-title js-accordion-controller\" aria-controls=\"accordion-1-c1\" aria-expanded=\"false\" tabindex=\"0\" data-initialstate=\"closed\">\n\t\t\t\tLe lundi 4 mars de 14h \u00e0 17h : Atelier d\u00e9co Masques\t\t\t<\/h6>\n\t\t\n\t\t<div id=\"accordion-1-c1\" class=\"accordion-content\" aria-hidden=\"true\">\n\t\t\t<figure id=\"attachment_9049\" aria-describedby=\"caption-attachment-9049\" style=\"width: 150px\" class=\"wp-caption alignright\"><img loading=\"lazy\" decoding=\"async\" src=\"https:\/\/www.aphyllanthe.fr\/association\/wp-content\/uploads\/2019\/02\/masques-carnaval-s-150x150.jpg\" alt=\"masques carnaval\" width=\"150\" height=\"150\" class=\"size-thumbnail wp-image-9049\" srcset=\"https:\/\/www.aphyllanthe.fr\/association\/wp-content\/uploads\/2019\/02\/masques-carnaval-s-150x150.jpg 150w, https:\/\/www.aphyllanthe.fr\/association\/wp-content\/uploads\/2019\/02\/masques-carnaval-s-300x300.jpg 300w, https:\/\/www.aphyllanthe.fr\/association\/wp-content\/uploads\/2019\/02\/masques-carnaval-s.jpg 499w\" sizes=\"auto, (max-width: 150px) 100vw, 150px\" \/><figcaption id=\"caption-attachment-9049\" class=\"wp-caption-text\">masques carnaval<\/figcaption><\/figure><br \/>\n<em><strong>O\u00f9 :<\/strong><\/em> Biblioth\u00e8que d&rsquo;Aigaliers<br \/>\n<em><strong>Pour :<\/strong><\/em> enfants \u00e0 partir de 6 ans avec accompagnement<br \/>\n<em><strong>Tarifs :<\/strong><\/em> adh\u00e9rent 4 \u20ac, non-adh\u00e9rent 6 \u20ac<br \/>\n<em><strong>Informations et inscriptions :<\/strong><\/em> \u00e0 l\u2019Aphyllanthe.<br \/>\n\t\t<\/div>\n\n\t\t\n\t\t\t\t\t<h6 role=\"button\" id=\"accordion-1-t2\" class=\"accordion-title js-accordion-controller\" aria-controls=\"accordion-1-c2\" aria-expanded=\"false\" tabindex=\"0\" data-initialstate=\"closed\">\n\t\t\t\tle mercredi 6 mars 2019 : Sortie Cin\u00e9ma\t\t\t<\/h6>\n\t\t\n\t\t<div id=\"accordion-1-c2\" class=\"accordion-content\" aria-hidden=\"true\">\n\t\t\t<img loading=\"lazy\" decoding=\"async\" class=\"alignright size-medium wp-image-6582\" src=\"https:\/\/www.aphyllanthe.fr\/association\/wp-content\/uploads\/2017\/12\/logo-capitole-300x182.jpg\" alt=\"\" width=\"200\" height=\"82\"\/><em><strong>O\u00f9 :<\/strong><\/em> Cin\u00e9ma le Capitole, Uz\u00e8s<br \/>\n<em><strong>Pour :<\/strong><\/em> tous les \u00e2ges<br \/>\n<em><strong>Tarifs :<\/strong><\/em> adh\u00e9rent 2 \u20ac, non-adh\u00e9rent 6&nbsp;\u20ac (la s\u00e9ance)<br \/>\n<em><strong>Programme :<\/strong><\/em> disponible quelques jours avant<br \/>\n<em><strong>Informations et inscriptions :<\/strong><\/em> \u00e0 l\u2019Aphyllanthe.<br \/>\n\t\t<\/div>\n\n\t\t\n\t\t\t\t\t<h6 role=\"button\" id=\"accordion-1-t3\" class=\"accordion-title js-accordion-controller\" aria-controls=\"accordion-1-c3\" aria-expanded=\"false\" tabindex=\"0\">\n\t\t\t\tle jeudi 7 mars 2019 de 12h \u00e0 14h : Sortie Patinoire\t\t\t<\/h6>\n\t\t\n\t\t<div id=\"accordion-1-c3\" class=\"accordion-content\" aria-hidden=\"true\">\n\t\t\t<img loading=\"lazy\" decoding=\"async\" class=\"alignright size-medium wp-image-8202\" src=\"https:\/\/www.aphyllanthe.fr\/association\/wp-content\/uploads\/2018\/11\/patinoire-Medium-e1542210083267-225x300.jpg\" alt=\"patinoire\" width=\"125\" height=\"200\"\/><br \/>\n<em><strong>O\u00f9 :<\/strong><\/em> Patinoire d&rsquo;Al\u00e8s, Chemin des Sports, 30100 Al\u00e8s<br \/>\n<em><strong>Heure<\/strong><\/em> : 11h45 pour se pr\u00e9parer, l&rsquo;activit\u00e9 commen\u00e7ant \u00e0 12h00<br \/>\n<em><strong>Pour :<\/strong><\/em> tous les \u00e2ges \u00e0 partir de 4 ans<br \/>\n<em><strong>Tarifs :<\/strong><\/em> adh\u00e9rent 5 \u20ac ; non-adh\u00e9rent 12 \u20ac ; patins et cours inclus<br \/>\n<em>Cours et jeux avec l&rsquo;animatrice de la patinoire puis patinage libre. La piste vous est enti\u00e8rement r\u00e9serv\u00e9e !<\/em><br \/>\nCovoiturage possible.<br \/>\n<em><strong>Informations et inscriptions :<\/strong><\/em> \u00e0 l\u2019Aphyllanthe.<br \/>\n\t\t<\/div>\n\n\t\t\n\t\t\t\t\t<h6 role=\"button\" id=\"accordion-1-t4\" class=\"accordion-title js-accordion-controller\" aria-controls=\"accordion-1-c4\" aria-expanded=\"false\" tabindex=\"0\" data-initialstate=\"closed\">\n\t\t\t\tle vendredi 8 mars 2019 \u00e0 19h00 : Sortie LaserGame\t\t\t<\/h6>\n\t\t\n\t\t<div id=\"accordion-1-c4\" class=\"accordion-content\" aria-hidden=\"true\">\n\t\t\t<img loading=\"lazy\" decoding=\"async\" class=\"alignright size-medium wp-image-8535\" src=\"https:\/\/www.aphyllanthe.fr\/association\/wp-content\/uploads\/2018\/12\/lasergame-nov-2018-300x222.jpg\" alt=\"\" width=\"300\" height=\"222\" srcset=\"https:\/\/www.aphyllanthe.fr\/association\/wp-content\/uploads\/2018\/12\/lasergame-nov-2018-300x222.jpg 300w, https:\/\/www.aphyllanthe.fr\/association\/wp-content\/uploads\/2018\/12\/lasergame-nov-2018-768x568.jpg 768w, https:\/\/www.aphyllanthe.fr\/association\/wp-content\/uploads\/2018\/12\/lasergame-nov-2018-600x444.jpg 600w, https:\/\/www.aphyllanthe.fr\/association\/wp-content\/uploads\/2018\/12\/lasergame-nov-2018.jpg 808w\" sizes=\"auto, (max-width: 300px) 100vw, 300px\" \/><em><strong>O\u00f9 :<\/strong><\/em> Bowling LaserGames Uz\u00e8s, Chemin de la Flesque, 30700 Uz\u00e8s<br \/>\n<em><strong>Heure<\/strong><\/em> : 18h45 pour se pr\u00e9parer, la premi\u00e8re partie commen\u00e7ant \u00e0 19h00<br \/>\n<em><strong>Tarif par personne<\/strong><\/em> : adh\u00e9rents &#8211; 8 \u20ac; non-adh\u00e9rents &#8211; 14 \u20ac (pour 2 parties)<br \/>\n<em><strong>Dur\u00e9e totale<\/strong><\/em> : entre 1h et 1h30 (Chaque partie dure 20 minutes. Comptez 20 minutes de repos entre les 2 parties).<br \/>\n<em><strong>Nombre de personnes maxi<\/strong><\/em> : 15 (Le nombre maximum de personnes pouvant jouer en m\u00eame temps en fonction de la capacit\u00e9 du labyrinthe).<br \/>\n<em><strong>Attention<\/strong><\/em> : Pas de limite d&rsquo;\u00e2ge, mais les participants doivent mesurer 1m20 minimum. Possibilit\u00e9 de jouer en \u00e9quipe (ex. 3 \u00e9quipes de 5 personnes, etc)<br \/>\n<em><strong>Inscriptions obligatoires :<\/strong><\/em> \u00e0 l\u2019Aphyllanthe.<br \/>\n\t\t<\/div>\n\n\t\t<\/div><\/p>\n","protected":false},"excerpt":{"rendered":"<p>&nbsp;&nbsp;&nbsp; L&rsquo;Aphyllanthe vous propose de nombreuses activit\u00e9s ludiques pour les vacances d&rsquo;hiver 2019. Il reste encore quelques places, alors n&rsquo;h\u00e9sitez pas \u00e0 venir vous inscrire. Il y a de quoi s&rsquo;amuser en famille !<\/p>\n","protected":false},"author":1,"featured_media":9079,"comment_status":"closed","ping_status":"closed","sticky":false,"template":"","format":"standard","meta":{"footnotes":""},"categories":[4,117],"tags":[],"class_list":["post-9044","post","type-post","status-publish","format-standard","has-post-thumbnail","hentry","category-annonce","category-familles-et-enfants"],"_links":{"self":[{"href":"https:\/\/www.aphyllanthe.fr\/association\/wp-json\/wp\/v2\/posts\/9044","targetHints":{"allow":["GET"]}}],"collection":[{"href":"https:\/\/www.aphyllanthe.fr\/association\/wp-json\/wp\/v2\/posts"}],"about":[{"href":"https:\/\/www.aphyllanthe.fr\/association\/wp-json\/wp\/v2\/types\/post"}],"author":[{"embeddable":true,"href":"https:\/\/www.aphyllanthe.fr\/association\/wp-json\/wp\/v2\/users\/1"}],"replies":[{"embeddable":true,"href":"https:\/\/www.aphyllanthe.fr\/association\/wp-json\/wp\/v2\/comments?post=9044"}],"version-history":[{"count":0,"href":"https:\/\/www.aphyllanthe.fr\/association\/wp-json\/wp\/v2\/posts\/9044\/revisions"}],"wp:featuredmedia":[{"embeddable":true,"href":"https:\/\/www.aphyllanthe.fr\/association\/wp-json\/wp\/v2\/media\/9079"}],"wp:attachment":[{"href":"https:\/\/www.aphyllanthe.fr\/association\/wp-json\/wp\/v2\/media?parent=9044"}],"wp:term":[{"taxonomy":"category","embeddable":true,"href":"https:\/\/www.aphyllanthe.fr\/association\/wp-json\/wp\/v2\/categories?post=9044"},{"taxonomy":"post_tag","embeddable":true,"href":"https:\/\/www.aphyllanthe.fr\/association\/wp-json\/wp\/v2\/tags?post=9044"}],"curies":[{"name":"wp","href":"https:\/\/api.w.org\/{rel}","templated":true}]}}