{"id":9067,"date":"2019-02-06T14:45:00","date_gmt":"2019-02-06T13:45:00","guid":{"rendered":"https:\/\/www.aphyllanthe.fr\/association\/?p=9067"},"modified":"2019-03-05T22:19:42","modified_gmt":"2019-03-05T21:19:42","slug":"projet-pistage-et-profilage-ateliers-en-fevrier","status":"publish","type":"post","link":"https:\/\/www.aphyllanthe.fr\/association\/projet-pistage-et-profilage-ateliers-en-fevrier\/","title":{"rendered":"Projet Pistage et profilage : Ateliers en f\u00e9vrier"},"content":{"rendered":"<p>Dans le cadre de <a href=\"https:\/\/www.aphyllanthe.fr\/association\/un-nouveau-projet-les-dangers-de-linternet\/\" rel=\"noopener noreferrer\" target=\"_blank\">son programme<\/a> visant \u00e0 aider le public \u00e0 \u00e9viter la collecte des donn\u00e9es priv\u00e9es et \u00e0 se prot\u00e9ger contre le pistage et le profilage par les g\u00e9ants de l&rsquo;Internet, l&rsquo;Association propose 3 nouveaux ateliers en f\u00e9vrier. <\/p>\n<table class=\"progdumois\">\n<thead>\n<tr style=\"background: #099ae8; color: white;\">\n<th>Date et heure<\/th>\n<th>Activit\u00e9<\/th>\n<\/tr>\n<\/thead>\n<tbody>\n<tr>\n<td>11 f\u00e9vrier  10h-12h<br \/>\n\u00e0 la biblioth\u00e8que d&rsquo;Aigaliers<\/td>\n<td><strong>Atelier pratique : se prot\u00e9ger contre le pistage sur internet. <\/strong><br \/>\nApportez votre ordinateur Windows 7, 8, ou 10.<br \/>\n4 personnes maximum.  Entr\u00e9e gratuite. Inscription obligatoire.<br \/>\nInstallation et configuration de Firefox (moteur de recherche, gestion de cookies<br \/>\nInstallation des extensions de protection de vie priv\u00e9e. Travaux pratiques. <\/td>\n<\/tr>\n<tr style=\"background: #e8e8e8;\">\n<td>14 f\u00e9vrier 19h-20h30<br \/>\n\u00e0 la biblioth\u00e8que d&rsquo;Aigaliers<\/td>\n<td><strong>Projet Pistage : On vous suit sur votre navigateur : pistage sur pages internet. <\/strong><br \/>\nUne pr\u00e9sentation suivi d&rsquo;une discussion.<br \/>\n15 personnes maximum. Entr\u00e9e gratuite. Inscription obligatoire.<br \/>\nSi vous n&rsquo;avez pas pu assister \u00e0 l&rsquo;atelier du 14 janvier 2019, voici une seconde chance. <\/td>\n<\/tr>\n<tr>\n<td>25 f\u00e9vrier 10h-12h<br \/>\n\u00e0 la biblioth\u00e8que d&rsquo;Aigaliers<\/td>\n<td><strong>Atelier pratique : se prot\u00e9ger contre le pistage sur internet. <\/strong><br \/>\nApportez votre ordinateur Windows 7, 8, ou 10.<br \/>\n4 personnes maximum.  Entr\u00e9e gratuite. Inscription obligatoire.<br \/>\nInstallation et configuration de Firefox (moteur de recherche, gestion de cookies<br \/>\nInstallation des extensions de protection de vie priv\u00e9e. Travaux pratiques. <\/td>\n<\/tr>\n<\/tbody>\n<\/table>\n<p>Au cas o\u00f9 la demande est forte, l&rsquo;atelier pratique sera propos\u00e9 \u00e0 nouveau en mars.<br \/>\nAnimateurs : J Cluchey et Y Engrand<\/p>\n","protected":false},"excerpt":{"rendered":"<p>Dans le cadre de son programme visant \u00e0 aider le public \u00e0 \u00e9viter la collecte des donn\u00e9es priv\u00e9es et \u00e0 se prot\u00e9ger contre le pistage et le profilage par les g\u00e9ants de l&rsquo;Internet, l&rsquo;Association propose 3 nouveaux ateliers en f\u00e9vrier. Date et heure Activit\u00e9 11 f\u00e9vrier 10h-12h \u00e0 la biblioth\u00e8que d&rsquo;Aigaliers Atelier pratique : se &hellip; <a href=\"https:\/\/www.aphyllanthe.fr\/association\/projet-pistage-et-profilage-ateliers-en-fevrier\/\" class=\"more-link\">Continuer la lecture de <span class=\"screen-reader-text\">Projet Pistage et profilage : Ateliers en f\u00e9vrier<\/span>  <span class=\"meta-nav\">&rarr;<\/span><\/a><\/p>\n","protected":false},"author":1,"featured_media":8934,"comment_status":"closed","ping_status":"closed","sticky":false,"template":"","format":"standard","meta":{"footnotes":""},"categories":[4],"tags":[],"class_list":["post-9067","post","type-post","status-publish","format-standard","has-post-thumbnail","hentry","category-annonce"],"_links":{"self":[{"href":"https:\/\/www.aphyllanthe.fr\/association\/wp-json\/wp\/v2\/posts\/9067","targetHints":{"allow":["GET"]}}],"collection":[{"href":"https:\/\/www.aphyllanthe.fr\/association\/wp-json\/wp\/v2\/posts"}],"about":[{"href":"https:\/\/www.aphyllanthe.fr\/association\/wp-json\/wp\/v2\/types\/post"}],"author":[{"embeddable":true,"href":"https:\/\/www.aphyllanthe.fr\/association\/wp-json\/wp\/v2\/users\/1"}],"replies":[{"embeddable":true,"href":"https:\/\/www.aphyllanthe.fr\/association\/wp-json\/wp\/v2\/comments?post=9067"}],"version-history":[{"count":0,"href":"https:\/\/www.aphyllanthe.fr\/association\/wp-json\/wp\/v2\/posts\/9067\/revisions"}],"wp:featuredmedia":[{"embeddable":true,"href":"https:\/\/www.aphyllanthe.fr\/association\/wp-json\/wp\/v2\/media\/8934"}],"wp:attachment":[{"href":"https:\/\/www.aphyllanthe.fr\/association\/wp-json\/wp\/v2\/media?parent=9067"}],"wp:term":[{"taxonomy":"category","embeddable":true,"href":"https:\/\/www.aphyllanthe.fr\/association\/wp-json\/wp\/v2\/categories?post=9067"},{"taxonomy":"post_tag","embeddable":true,"href":"https:\/\/www.aphyllanthe.fr\/association\/wp-json\/wp\/v2\/tags?post=9067"}],"curies":[{"name":"wp","href":"https:\/\/api.w.org\/{rel}","templated":true}]}}