{"id":9197,"date":"2019-03-02T10:39:41","date_gmt":"2019-03-02T09:39:41","guid":{"rendered":"https:\/\/www.aphyllanthe.fr\/association\/?p=9197"},"modified":"2019-04-03T06:35:49","modified_gmt":"2019-04-03T05:35:49","slug":"programme-de-mars-2019","status":"publish","type":"post","link":"https:\/\/www.aphyllanthe.fr\/association\/programme-de-mars-2019\/","title":{"rendered":"Programme de Mars 2019"},"content":{"rendered":"<p>Voici le programme du mois de mars 2019 de l&rsquo;Association. Pour participer \u00e0 une activit\u00e9, merci de vous inscrire aupr\u00e8s du secr\u00e9tariat de l&rsquo;Association (04 66 22 10 20) aux heures d&rsquo;ouverture. Attention : Nombre de places limit\u00e9 et inscription obligatoire pour la plupart des activit\u00e9s.<\/p>\n<table class=\"progdumois\">\n<thead>\n<tr style=\"background: #099ae8; color: white;\">\n<th>Date et heure<\/th>\n<th>Activit\u00e9<\/th>\n<\/tr>\n<\/thead>\n<tbody>\n<tr>\n<td>2 mars 10h-12h30<br \/>\nBiblioth\u00e8que d&rsquo;Aigaliers<\/td>\n<td><strong>Stage de poterie avec Marie<\/strong>, stage payant, places limit\u00e9s, inscription obligatoire (contacter 04 6622 1020)<\/td>\n<\/tr>\n<tr style=\"background: #e8e8e8;\">\n<td>4 mars 14h-17h<br \/>\nBiblioth\u00e8que d&rsquo;Aigaliers<\/td>\n<td><strong>Atelier d\u00e9co masques anim\u00e9 par Marie Schenck<\/strong>, atelier payant, inscription obligatoire (contacter 04 6622 1020).<\/td>\n<\/tr>\n<tr>\n<td>6 mars<br \/>\nUz\u00e8s, Cin\u00e9ma le Capitole<\/td>\n<td><strong>Sortie Cin\u00e9ma en famille, plusieurs s\u00e9ances au choix.<\/strong><br \/>\nsortie payante, inscription obligatoire (contacter 04 6622 1020).<\/td>\n<\/tr>\n<tr style=\"background: #e8e8e8;\">\n<td>7 mars 12h-14h00<br \/>\nPatinoire d&rsquo;Al\u00e8s<\/td>\n<td><strong>Sortie Patinoire en famille <\/strong><br \/>\nsortie payante, inscription obligatoire (contacter 04 6622 1020).<\/td>\n<\/tr>\n<tr>\n<td>8 mars 19h-21h30<br \/>\n\u00e0 Uz\u00e8s<\/td>\n<td><strong>Sortie Lasergames en famille<\/strong>. sortie payante, inscription obligatoire (contacter 04 6622 1020).<\/td>\n<\/tr>\n<tr style=\"background: #e8e8e8;\">\n<td>11 mars 14h30-17h<br \/>\nBiblioth\u00e8que d&rsquo;Aigaliers<\/td>\n<td><strong>Cercle des lectrices.<\/strong> pour plus de renseignements contacter le 04 66 22 10 20.<\/td>\n<\/tr>\n<tr>\n<td>15 mars 18h00<br \/>\nFoyer de Foissac<\/td>\n<td><strong>Assembl\u00e9e G\u00e9n\u00e9rale de l&rsquo;Association<\/strong>.<a href=\"https:\/\/www.aphyllanthe.fr\/association\/assemblee-generale-15-mars-2019\/\"> D\u00e9tails ici.<\/a><\/td>\n<\/tr>\n<tr style=\"background: #e8e8e8;\">\n<td>16 mars 14h-17h<br \/>\nBiblioth\u00e8que d&rsquo;Aigaliers<\/td>\n<td><strong>Stage de poterie avec Marie<\/strong>, stage payant, inscription obligatoire (contacter 04 6622 1020).<\/td>\n<\/tr>\n<tr>\n<td>18 mars 18h-19h30<br \/>\nBiblioth\u00e8que d&rsquo;Aigaliers<\/td>\n<td><strong>Atelier \u00ab\u00a0Votre smartphone vous suit  : pistage sur smartphones Android\u00a0\u00bb<\/strong>, entr\u00e9e gratuite, inscription obligatoire (contacter 04 6622 1020).<\/td>\n<\/tr>\n<tr style=\"background: #e8e8e8;\">\n<td>24 mars 14h<br \/>\n\u00e0 N\u00eemes<\/td>\n<td><strong>Visite guid\u00e9e des cours et h\u00f4tels particuliers du Vieux N\u00eemes.<\/strong><br \/>\nsortie payante, inscription obligatoire (contacter 04 6622 1020).<a href=\"https:\/\/www.aphyllanthe.fr\/association\/sortie-a-nimes-visite-guidee-des-cours-et-hotels-particuliers\/\"> D\u00e9tails ici.<\/a><\/td>\n<\/tr>\n<tr>\n<td>29 mars 17h00<br \/>\nBiblioth\u00e8que d&rsquo;Aigaliers<\/td>\n<td><strong>Atelier partage de Savoirs : cartographie et utilisation de GPS.<\/strong><br \/>\n entr\u00e9e gratuite, inscription obligatoire (contacter 04 6622 1020).<\/td>\n<\/tr>\n<tr style=\"background: #e8e8e8;\">\n<td>30 mars 14h-17h<br \/>\nBiblioth\u00e8que d&rsquo;Aigaliers<\/td>\n<td><strong>Atelier de peinture sur porcelaine avec Claire<\/strong>, entr\u00e9e gratuite, inscription obligatoire (contacter 04 6622 1020). <a href=\"https:\/\/www.aphyllanthe.fr\/association\/nouveaux-stages-de-patchwork-et-peinture-sur-porcelaine\/\" target=\"_blank\" rel=\"noopener noreferrer\">D\u00e9tails ici.<\/a><\/td>\n<\/tr>\n<\/tbody>\n<\/table>\n<div id=\"accordion-1\" class=\"accordion no-js\">\n\t\t\t\t\t<h6 role=\"button\" id=\"accordion-1-t1\" class=\"accordion-title js-accordion-controller\" aria-controls=\"accordion-1-c1\" aria-expanded=\"false\" tabindex=\"0\" data-initialstate=\"closed\">\n\t\t\t\t Et notre programme d'activit\u00e9s hebdos aussi\t\t\t<\/h6>\n\t\t\n\t\t<div id=\"accordion-1-c1\" class=\"accordion-content\" aria-hidden=\"true\">\n\t\t\t<\/p>\n<table class=\"progdumois\">\n<thead>\n<tr style=\"background: #099ae8; color: white;\">\n<th>Jour<\/th>\n<th>Heure<\/th>\n<th>Activite<\/th>\n<th>Lieu<\/th>\n<\/tr>\n<\/thead>\n<tbody>\n<tr>\n<td>lundi<\/td>\n<td>11h<\/td>\n<td>Gym douce avec Dominique<\/td>\n<td>Foyer Foissac<\/td>\n<\/tr>\n<tr style=\"background: #e8e8e8;\">\n<td>lundi<\/td>\n<td>14h30<\/td>\n<td>Atelier couture avec Nicole<\/td>\n<td>Biblioth\u00e8que<\/td>\n<\/tr>\n<tr>\n<td>mercredi<\/td>\n<td>14h<\/td>\n<td>Atelier th\u00e9\u00e2tre ados avec Patricia<\/td>\n<td>Foyer Serviers<\/td>\n<\/tr>\n<tr style=\"background: #e8e8e8;\">\n<td>mercredi<\/td>\n<td>17h<\/td>\n<td>Poterie avec Marie Ducatel<\/td>\n<td>Biblioth\u00e8que<\/td>\n<\/tr>\n<tr>\n<td>mercredi<\/td>\n<td>18h<\/td>\n<td>Gym douce avec Dominique<\/td>\n<td>Foyer Baron<\/td>\n<\/tr>\n<tr style=\"background: #e8e8e8;\">\n<td>mercredi<\/td>\n<td>19h<\/td>\n<td>Gym d&rsquo;entretien avec Dominique<\/td>\n<td>Foyer Baron<\/td>\n<\/tr>\n<tr>\n<td>jeudi<\/td>\n<td>11h<\/td>\n<td>Gym douce avec Dominique<\/td>\n<td>Foyer Foissac<\/td>\n<\/tr>\n<tr style=\"background: #e8e8e8;\">\n<td>jeudi<\/td>\n<td>14h<\/td>\n<td>Tricot-th\u00e9 avec C\u00e9line et Claire<\/td>\n<td>Biblioth\u00e8que<\/td>\n<\/tr>\n<tr>\n<td>jeudi<\/td>\n<td>17h30<\/td>\n<td>Arts plastiques avec Marie Schenck<\/td>\n<td>Biblioth\u00e8que<\/td>\n<\/tr>\n<tr style=\"background: #e8e8e8;\">\n<td>vendredi<\/td>\n<td>13h<\/td>\n<td>Randonn\u00e9e avec Yves, Jean-Claude, Jean-Luc et Jim<\/td>\n<td>D\u00e9part parking de la mairie d&rsquo;Aigaliers<\/td>\n<\/tr>\n<\/tbody>\n<\/table>\n<p>\t\t<\/div>\n\n\t\t<\/div>\n","protected":false},"excerpt":{"rendered":"<p>Voici le programme du mois de mars 2019 de l&rsquo;Association. Pour participer \u00e0 une activit\u00e9, merci de vous inscrire aupr\u00e8s du secr\u00e9tariat de l&rsquo;Association (04 66 22 10 20) aux heures d&rsquo;ouverture. Attention : Nombre de places limit\u00e9 et inscription obligatoire pour la plupart des activit\u00e9s. Date et heure Activit\u00e9 2 mars 10h-12h30 Biblioth\u00e8que d&rsquo;Aigaliers &hellip; <a href=\"https:\/\/www.aphyllanthe.fr\/association\/programme-de-mars-2019\/\" class=\"more-link\">Continuer la lecture de <span class=\"screen-reader-text\">Programme de Mars 2019<\/span>  <span class=\"meta-nav\">&rarr;<\/span><\/a><\/p>\n","protected":false},"author":1,"featured_media":7222,"comment_status":"closed","ping_status":"closed","sticky":false,"template":"","format":"standard","meta":{"footnotes":""},"categories":[4],"tags":[],"class_list":["post-9197","post","type-post","status-publish","format-standard","has-post-thumbnail","hentry","category-annonce"],"_links":{"self":[{"href":"https:\/\/www.aphyllanthe.fr\/association\/wp-json\/wp\/v2\/posts\/9197","targetHints":{"allow":["GET"]}}],"collection":[{"href":"https:\/\/www.aphyllanthe.fr\/association\/wp-json\/wp\/v2\/posts"}],"about":[{"href":"https:\/\/www.aphyllanthe.fr\/association\/wp-json\/wp\/v2\/types\/post"}],"author":[{"embeddable":true,"href":"https:\/\/www.aphyllanthe.fr\/association\/wp-json\/wp\/v2\/users\/1"}],"replies":[{"embeddable":true,"href":"https:\/\/www.aphyllanthe.fr\/association\/wp-json\/wp\/v2\/comments?post=9197"}],"version-history":[{"count":0,"href":"https:\/\/www.aphyllanthe.fr\/association\/wp-json\/wp\/v2\/posts\/9197\/revisions"}],"wp:featuredmedia":[{"embeddable":true,"href":"https:\/\/www.aphyllanthe.fr\/association\/wp-json\/wp\/v2\/media\/7222"}],"wp:attachment":[{"href":"https:\/\/www.aphyllanthe.fr\/association\/wp-json\/wp\/v2\/media?parent=9197"}],"wp:term":[{"taxonomy":"category","embeddable":true,"href":"https:\/\/www.aphyllanthe.fr\/association\/wp-json\/wp\/v2\/categories?post=9197"},{"taxonomy":"post_tag","embeddable":true,"href":"https:\/\/www.aphyllanthe.fr\/association\/wp-json\/wp\/v2\/tags?post=9197"}],"curies":[{"name":"wp","href":"https:\/\/api.w.org\/{rel}","templated":true}]}}