{"id":9219,"date":"2019-03-08T10:24:48","date_gmt":"2019-03-08T09:24:48","guid":{"rendered":"https:\/\/www.aphyllanthe.fr\/association\/?p=9219"},"modified":"2019-03-22T16:53:16","modified_gmt":"2019-03-22T15:53:16","slug":"retour-sur-les-vacances-dhiver-a-laphyllanthe","status":"publish","type":"post","link":"https:\/\/www.aphyllanthe.fr\/association\/retour-sur-les-vacances-dhiver-a-laphyllanthe\/","title":{"rendered":"Retour sur les vacances d&rsquo;hiver \u00e0 l&rsquo;Aphyllanthe"},"content":{"rendered":"<p><figure id=\"attachment_9225\" aria-describedby=\"caption-attachment-9225\" style=\"width: 300px\" class=\"wp-caption alignleft\"><img loading=\"lazy\" decoding=\"async\" src=\"https:\/\/www.aphyllanthe.fr\/association\/wp-content\/uploads\/2019\/03\/atelier-masques-groupe-e1552036093262-300x146.jpg\" alt=\"\" width=\"300\" height=\"146\" class=\"size-medium wp-image-9225\" srcset=\"https:\/\/www.aphyllanthe.fr\/association\/wp-content\/uploads\/2019\/03\/atelier-masques-groupe-e1552036093262-300x146.jpg 300w, https:\/\/www.aphyllanthe.fr\/association\/wp-content\/uploads\/2019\/03\/atelier-masques-groupe-e1552036093262-600x291.jpg 600w, https:\/\/www.aphyllanthe.fr\/association\/wp-content\/uploads\/2019\/03\/atelier-masques-groupe-e1552036093262.jpg 717w\" sizes=\"auto, (max-width: 300px) 100vw, 300px\" \/><figcaption id=\"caption-attachment-9225\" class=\"wp-caption-text\">le groupe masqu\u00e9<\/figcaption><\/figure>Cette ann\u00e9e le beau temps a accompagn\u00e9 nos activit\u00e9s famille organis\u00e9es pendant la deuxi\u00e8me semaine des vacances d&rsquo;hiver. Voici quelques retours des participants sur l&rsquo;atelier d\u00e9co masques et la sortie patinoire.<!--more--><\/p>\n<div style=\"clear:both;\"><\/div>\n<p><img loading=\"lazy\" decoding=\"async\" src=\"https:\/\/www.aphyllanthe.fr\/association\/wp-content\/uploads\/2019\/03\/atelier-masques-lisa-257x300.jpg\" alt=\"\" width=\"214\" height=\"250\" class=\"alignright size-medium wp-image-9236\" srcset=\"https:\/\/www.aphyllanthe.fr\/association\/wp-content\/uploads\/2019\/03\/atelier-masques-lisa-257x300.jpg 257w, https:\/\/www.aphyllanthe.fr\/association\/wp-content\/uploads\/2019\/03\/atelier-masques-lisa-600x700.jpg 600w, https:\/\/www.aphyllanthe.fr\/association\/wp-content\/uploads\/2019\/03\/atelier-masques-lisa.jpg 747w\" sizes=\"auto, (max-width: 214px) 100vw, 214px\" \/><strong>Atelier D\u00e9co Masques :<\/strong> Pour pr\u00e9parer et f\u00eater Carnaval, l&rsquo;association a organis\u00e9 un atelier de masques propos\u00e9 et encadr\u00e9 par Marie Schenck, notre animatrice en arts plastiques. Onze enfants et ados, accompagn\u00e9s de parents ont d\u00e9coup\u00e9 des assiettes ou boites \u00e0 \u0153ufs en carton, les ont peintes et d\u00e9cor\u00e9es de paillettes, mis des moustaches en cure pipe pour les adorables souris rigolotes des plus petits ou carton ondul\u00e9 en guise de plumes scintillantes pour les autres masques, le tout avec du mat\u00e9riel de r\u00e9cup\u00e9ration, dans une ambiance joyeuse, pour un r\u00e9sultat magnifique qui a ravi tout le monde. Un magnifique go\u00fbter pr\u00e9par\u00e9 par les familles a cl\u00f4tur\u00e9 ce bel apr\u00e8s midi. Merci \u00e0 Marie pour ce moment de cr\u00e9ation !<\/p>\n<p><figure id=\"attachment_9233\" aria-describedby=\"caption-attachment-9233\" style=\"width: 300px\" class=\"wp-caption alignleft\"><img loading=\"lazy\" decoding=\"async\" src=\"https:\/\/www.aphyllanthe.fr\/association\/wp-content\/uploads\/2019\/03\/patinoire-groupe-300x146.jpg\" alt=\"\" width=\"300\" height=\"146\" class=\"size-medium wp-image-9233\" srcset=\"https:\/\/www.aphyllanthe.fr\/association\/wp-content\/uploads\/2019\/03\/patinoire-groupe-300x146.jpg 300w, https:\/\/www.aphyllanthe.fr\/association\/wp-content\/uploads\/2019\/03\/patinoire-groupe-600x291.jpg 600w, https:\/\/www.aphyllanthe.fr\/association\/wp-content\/uploads\/2019\/03\/patinoire-groupe.jpg 717w\" sizes=\"auto, (max-width: 300px) 100vw, 300px\" \/><figcaption id=\"caption-attachment-9233\" class=\"wp-caption-text\">le groupe de patineurs<\/figcaption><\/figure><strong>Sortie patinoire :<\/strong> Encore deux heures de glisse pour le groupe pr\u00e9sent pour ces vacances d&rsquo;hiver. Des d\u00e9buts h\u00e9sitants puis assur\u00e9s pour Lysa, et une glisse de plus en plus ais\u00e9e pour les autres&#8230; Des \u00e9clats de rire, une ambiance toujours joyeuse, au rythme d&rsquo;une musique entra\u00eenante. Merci \u00e0 Bruno pour ses conseils et animations.<\/p>\n<div style=\"margin-left:50px;\"><div id='gallery-1' class='gallery galleryid-9219 gallery-columns-3 gallery-size-thumbnail'><figure class='gallery-item'>\n\t\t\t<div class='gallery-icon landscape'>\n\t\t\t\t<img loading=\"lazy\" decoding=\"async\" width=\"150\" height=\"150\" src=\"https:\/\/www.aphyllanthe.fr\/association\/wp-content\/uploads\/2019\/03\/atelier-masques-claire-et-diego-150x150.jpg\" class=\"attachment-thumbnail size-thumbnail\" alt=\"atelier masques claire et diego\" aria-describedby=\"gallery-1-9221\" \/>\n\t\t\t<\/div>\n\t\t\t\t<figcaption class='wp-caption-text gallery-caption' id='gallery-1-9221'>\n\t\t\t\tatelier masques claire et diego\n\t\t\t\t<\/figcaption><\/figure><figure class='gallery-item'>\n\t\t\t<div class='gallery-icon landscape'>\n\t\t\t\t<img loading=\"lazy\" decoding=\"async\" width=\"150\" height=\"150\" src=\"https:\/\/www.aphyllanthe.fr\/association\/wp-content\/uploads\/2019\/03\/atelier-masques-corentin-et-diego-150x150.jpg\" class=\"attachment-thumbnail size-thumbnail\" alt=\"atelier masques corentin et diego\" aria-describedby=\"gallery-1-9222\" \/>\n\t\t\t<\/div>\n\t\t\t\t<figcaption class='wp-caption-text gallery-caption' id='gallery-1-9222'>\n\t\t\t\tatelier masques corentin et diego\n\t\t\t\t<\/figcaption><\/figure><figure class='gallery-item'>\n\t\t\t<div class='gallery-icon landscape'>\n\t\t\t\t<img loading=\"lazy\" decoding=\"async\" width=\"150\" height=\"150\" src=\"https:\/\/www.aphyllanthe.fr\/association\/wp-content\/uploads\/2019\/03\/atelier-masques-marie-150x150.jpg\" class=\"attachment-thumbnail size-thumbnail\" alt=\"\" aria-describedby=\"gallery-1-9226\" \/>\n\t\t\t<\/div>\n\t\t\t\t<figcaption class='wp-caption-text gallery-caption' id='gallery-1-9226'>\n\t\t\t\tcr\u00e9ation de masques en famille\n\t\t\t\t<\/figcaption><\/figure><figure class='gallery-item'>\n\t\t\t<div class='gallery-icon landscape'>\n\t\t\t\t<img loading=\"lazy\" decoding=\"async\" width=\"150\" height=\"150\" src=\"https:\/\/www.aphyllanthe.fr\/association\/wp-content\/uploads\/2019\/03\/atelier-masques-gouter-150x150.jpg\" class=\"attachment-thumbnail size-thumbnail\" alt=\"atelier masques gouter\" aria-describedby=\"gallery-1-9224\" \/>\n\t\t\t<\/div>\n\t\t\t\t<figcaption class='wp-caption-text gallery-caption' id='gallery-1-9224'>\n\t\t\t\tatelier masques gouter\n\t\t\t\t<\/figcaption><\/figure><figure class='gallery-item'>\n\t\t\t<div class='gallery-icon landscape'>\n\t\t\t\t<img loading=\"lazy\" decoding=\"async\" width=\"150\" height=\"150\" src=\"https:\/\/www.aphyllanthe.fr\/association\/wp-content\/uploads\/2019\/03\/atelier-masques-gouter-filles-e1552036053292-150x150.jpg\" class=\"attachment-thumbnail size-thumbnail\" alt=\"atelier masques gouter filles\" aria-describedby=\"gallery-1-9223\" \/>\n\t\t\t<\/div>\n\t\t\t\t<figcaption class='wp-caption-text gallery-caption' id='gallery-1-9223'>\n\t\t\t\tatelier masques gouter filles\n\t\t\t\t<\/figcaption><\/figure><figure class='gallery-item'>\n\t\t\t<div class='gallery-icon landscape'>\n\t\t\t\t<img loading=\"lazy\" decoding=\"async\" width=\"150\" height=\"150\" src=\"https:\/\/www.aphyllanthe.fr\/association\/wp-content\/uploads\/2019\/03\/patinoire-groupe-2-150x150.jpg\" class=\"attachment-thumbnail size-thumbnail\" alt=\"\" aria-describedby=\"gallery-1-9230\" \/>\n\t\t\t<\/div>\n\t\t\t\t<figcaption class='wp-caption-text gallery-caption' id='gallery-1-9230'>\n\t\t\t\tle groupe\n\t\t\t\t<\/figcaption><\/figure><figure class='gallery-item'>\n\t\t\t<div class='gallery-icon portrait'>\n\t\t\t\t<img loading=\"lazy\" decoding=\"async\" width=\"150\" height=\"150\" src=\"https:\/\/www.aphyllanthe.fr\/association\/wp-content\/uploads\/2019\/03\/patinoire-marie-e1552036177935-150x150.jpg\" class=\"attachment-thumbnail size-thumbnail\" alt=\"\" aria-describedby=\"gallery-1-9231\" \/>\n\t\t\t<\/div>\n\t\t\t\t<figcaption class='wp-caption-text gallery-caption' id='gallery-1-9231'>\n\t\t\t\tinitiation patinage\n\t\t\t\t<\/figcaption><\/figure><figure class='gallery-item'>\n\t\t\t<div class='gallery-icon portrait'>\n\t\t\t\t<img loading=\"lazy\" decoding=\"async\" width=\"150\" height=\"150\" src=\"https:\/\/www.aphyllanthe.fr\/association\/wp-content\/uploads\/2019\/03\/patinoire-corentin-et-diego-e1552036137596-150x150.jpg\" class=\"attachment-thumbnail size-thumbnail\" alt=\"\" aria-describedby=\"gallery-1-9228\" \/>\n\t\t\t<\/div>\n\t\t\t\t<figcaption class='wp-caption-text gallery-caption' id='gallery-1-9228'>\n\t\t\t\tcorentin et diego\n\t\t\t\t<\/figcaption><\/figure><figure class='gallery-item'>\n\t\t\t<div class='gallery-icon landscape'>\n\t\t\t\t<img loading=\"lazy\" decoding=\"async\" width=\"150\" height=\"150\" src=\"https:\/\/www.aphyllanthe.fr\/association\/wp-content\/uploads\/2019\/03\/patinoire-diego-150x150.jpg\" class=\"attachment-thumbnail size-thumbnail\" alt=\"\" aria-describedby=\"gallery-1-9229\" \/>\n\t\t\t<\/div>\n\t\t\t\t<figcaption class='wp-caption-text gallery-caption' id='gallery-1-9229'>\n\t\t\t\tdiego\n\t\t\t\t<\/figcaption><\/figure>\n\t\t<\/div>\n<\/div>\n","protected":false},"excerpt":{"rendered":"<p>Cette ann\u00e9e le beau temps a accompagn\u00e9 nos activit\u00e9s famille organis\u00e9es pendant la deuxi\u00e8me semaine des vacances d&rsquo;hiver. Voici quelques retours des participants sur l&rsquo;atelier d\u00e9co masques et la sortie patinoire.<\/p>\n","protected":false},"author":1,"featured_media":9225,"comment_status":"closed","ping_status":"closed","sticky":false,"template":"","format":"standard","meta":{"footnotes":""},"categories":[3],"tags":[],"class_list":["post-9219","post","type-post","status-publish","format-standard","has-post-thumbnail","hentry","category-reportage"],"_links":{"self":[{"href":"https:\/\/www.aphyllanthe.fr\/association\/wp-json\/wp\/v2\/posts\/9219","targetHints":{"allow":["GET"]}}],"collection":[{"href":"https:\/\/www.aphyllanthe.fr\/association\/wp-json\/wp\/v2\/posts"}],"about":[{"href":"https:\/\/www.aphyllanthe.fr\/association\/wp-json\/wp\/v2\/types\/post"}],"author":[{"embeddable":true,"href":"https:\/\/www.aphyllanthe.fr\/association\/wp-json\/wp\/v2\/users\/1"}],"replies":[{"embeddable":true,"href":"https:\/\/www.aphyllanthe.fr\/association\/wp-json\/wp\/v2\/comments?post=9219"}],"version-history":[{"count":0,"href":"https:\/\/www.aphyllanthe.fr\/association\/wp-json\/wp\/v2\/posts\/9219\/revisions"}],"wp:featuredmedia":[{"embeddable":true,"href":"https:\/\/www.aphyllanthe.fr\/association\/wp-json\/wp\/v2\/media\/9225"}],"wp:attachment":[{"href":"https:\/\/www.aphyllanthe.fr\/association\/wp-json\/wp\/v2\/media?parent=9219"}],"wp:term":[{"taxonomy":"category","embeddable":true,"href":"https:\/\/www.aphyllanthe.fr\/association\/wp-json\/wp\/v2\/categories?post=9219"},{"taxonomy":"post_tag","embeddable":true,"href":"https:\/\/www.aphyllanthe.fr\/association\/wp-json\/wp\/v2\/tags?post=9219"}],"curies":[{"name":"wp","href":"https:\/\/api.w.org\/{rel}","templated":true}]}}