{"id":9310,"date":"2019-03-20T22:41:09","date_gmt":"2019-03-20T21:41:09","guid":{"rendered":"https:\/\/www.aphyllanthe.fr\/association\/?p=9310"},"modified":"2019-04-03T06:38:58","modified_gmt":"2019-04-03T05:38:58","slug":"comment-ne-jamais-perdre-le-nord","status":"publish","type":"post","link":"https:\/\/www.aphyllanthe.fr\/association\/comment-ne-jamais-perdre-le-nord\/","title":{"rendered":"Comment ne jamais perdre le nord"},"content":{"rendered":"<p><img loading=\"lazy\" decoding=\"async\" src=\"https:\/\/www.aphyllanthe.fr\/association\/wp-content\/uploads\/2018\/12\/partage-de-savoirs-S.png\" alt=\"\" width=\"200\" height=\"137\" class=\"alignright size-full wp-image-8445\" \/><strong>Atelier le 29 mars, 17h, \u00e0 la biblioth\u00e8que d&rsquo;Aigaliers<\/strong><\/p>\n<p>Dans le cadre de son programme de Partage de Savoirs, l&rsquo;Aphyllanthe invite les randonneurs et tous les adh\u00e9rents \u00e0 un <strong>atelier sur l&rsquo;usage de cartes et le mat\u00e9riel GPS<\/strong> pour organiser, planifier et conduire un groupe de marcheurs sur un sentier pr\u00e9d\u00e9termin\u00e9.<br \/>\n<!--more--><br \/>\nL&rsquo;atelier sera pr\u00e9sent\u00e9 par Jim et par Yves et aura lieu le 29 mars directement apr\u00e8s la randonn\u00e9e du jour (laquelle partira \u00e0 pied du parking de la mairie d&rsquo;Aigaliers \u00e0 13h et sera de retour vers 16h30-17h). <\/p>\n<p>Les sujets abord\u00e9s : <\/p>\n<ul>\n<li>Les bases de la lecture d&rsquo;une carte IGN<\/li>\n<li>Les GPX &#8211; c&rsquo;est quoi<\/li>\n<li>Les outils de cartographie en ligne de l&rsquo;Aphyllanthe<\/li>\n<li>Exemples d&rsquo;autres outils de cartographie en ligne<\/li>\n<li>Garmin GPS et Basecamp (trouver un circuit, le mettre sur son appareil)<\/li>\n<\/ul>\n<p><figure id=\"attachment_9320\" aria-describedby=\"caption-attachment-9320\" style=\"width: 268px\" class=\"wp-caption alignleft\"><img loading=\"lazy\" decoding=\"async\" src=\"https:\/\/www.aphyllanthe.fr\/association\/wp-content\/uploads\/2019\/03\/garmin64s.jpg\" alt=\"Garmin GPS\" width=\"268\" height=\"480\" class=\"size-full wp-image-9320\" srcset=\"https:\/\/www.aphyllanthe.fr\/association\/wp-content\/uploads\/2019\/03\/garmin64s.jpg 268w, https:\/\/www.aphyllanthe.fr\/association\/wp-content\/uploads\/2019\/03\/garmin64s-168x300.jpg 168w\" sizes=\"auto, (max-width: 268px) 100vw, 268px\" \/><figcaption id=\"caption-attachment-9320\" class=\"wp-caption-text\">Garmin GPS<\/figcaption><\/figure><strong>D\u00e9tails<\/strong><\/p>\n<p><em><strong>Lieu :<\/strong><\/em> la biblioth\u00e8que d&rsquo;Aigaliers (L&rsquo;Ancien Presbyt\u00e8re, Route St\u00e9phane Hessel) situ\u00e9e \u00e0 200 m du parking de la mairie.<br \/>\n<em><strong>Heure :<\/strong><\/em> D\u00e9but \u00e0 17h ; dur\u00e9e : environ 1h30.<br \/>\n<em><strong>Inscriptions :<\/strong><\/em>  La salle de la biblioth\u00e8que peut accueillir environ 20 personnes.  Merci de vous inscrire \u00e0 l&rsquo;avance aupr\u00e8s du secr\u00e9tariat de l&rsquo;Association.<br \/>\n<em><strong>Tarif :<\/strong><\/em> Gratuit<br \/>\n<em><strong>A disposition :<\/strong><\/em> Eaux et jus de fruit pour ceux qui auront soif apr\u00e8s avoir fait le circuit du jour. <\/p>\n<p><em>Les th\u00e8mes abord\u00e9s seront ni trop simples ni trop techniques. Si vous avez un GPS Garmin, vous pouvez l&rsquo;apporter. On en parlera lors de l&rsquo;atelier.  <\/em><\/p>\n","protected":false},"excerpt":{"rendered":"<p>Atelier le 29 mars, 17h, \u00e0 la biblioth\u00e8que d&rsquo;Aigaliers Dans le cadre de son programme de Partage de Savoirs, l&rsquo;Aphyllanthe invite les randonneurs et tous les adh\u00e9rents \u00e0 un atelier sur l&rsquo;usage de cartes et le mat\u00e9riel GPS pour organiser, planifier et conduire un groupe de marcheurs sur un sentier pr\u00e9d\u00e9termin\u00e9.<\/p>\n","protected":false},"author":1,"featured_media":6169,"comment_status":"closed","ping_status":"closed","sticky":false,"template":"","format":"standard","meta":{"footnotes":""},"categories":[4,118,70],"tags":[],"class_list":["post-9310","post","type-post","status-publish","format-standard","has-post-thumbnail","hentry","category-annonce","category-partage-de-savoirs","category-randonnees"],"_links":{"self":[{"href":"https:\/\/www.aphyllanthe.fr\/association\/wp-json\/wp\/v2\/posts\/9310","targetHints":{"allow":["GET"]}}],"collection":[{"href":"https:\/\/www.aphyllanthe.fr\/association\/wp-json\/wp\/v2\/posts"}],"about":[{"href":"https:\/\/www.aphyllanthe.fr\/association\/wp-json\/wp\/v2\/types\/post"}],"author":[{"embeddable":true,"href":"https:\/\/www.aphyllanthe.fr\/association\/wp-json\/wp\/v2\/users\/1"}],"replies":[{"embeddable":true,"href":"https:\/\/www.aphyllanthe.fr\/association\/wp-json\/wp\/v2\/comments?post=9310"}],"version-history":[{"count":0,"href":"https:\/\/www.aphyllanthe.fr\/association\/wp-json\/wp\/v2\/posts\/9310\/revisions"}],"wp:featuredmedia":[{"embeddable":true,"href":"https:\/\/www.aphyllanthe.fr\/association\/wp-json\/wp\/v2\/media\/6169"}],"wp:attachment":[{"href":"https:\/\/www.aphyllanthe.fr\/association\/wp-json\/wp\/v2\/media?parent=9310"}],"wp:term":[{"taxonomy":"category","embeddable":true,"href":"https:\/\/www.aphyllanthe.fr\/association\/wp-json\/wp\/v2\/categories?post=9310"},{"taxonomy":"post_tag","embeddable":true,"href":"https:\/\/www.aphyllanthe.fr\/association\/wp-json\/wp\/v2\/tags?post=9310"}],"curies":[{"name":"wp","href":"https:\/\/api.w.org\/{rel}","templated":true}]}}