{"id":9363,"date":"2019-03-27T21:09:38","date_gmt":"2019-03-27T20:09:38","guid":{"rendered":"https:\/\/www.aphyllanthe.fr\/association\/?p=9363"},"modified":"2019-04-09T21:14:15","modified_gmt":"2019-04-09T20:14:15","slug":"atelier-savoir-lire-aux-enfants","status":"publish","type":"post","link":"https:\/\/www.aphyllanthe.fr\/association\/atelier-savoir-lire-aux-enfants\/","title":{"rendered":"Atelier \u00ab\u00a0Savoir lire aux enfants\u00a0\u00bb"},"content":{"rendered":"<p><img loading=\"lazy\" decoding=\"async\" src=\"https:\/\/www.aphyllanthe.fr\/association\/wp-content\/uploads\/2018\/12\/partage-de-savoirs-S.png\" alt=\"\" width=\"200\" height=\"137\" class=\"alignright size-full wp-image-8445\" \/><strong>Atelier le 9 avril, 17h, \u00e0 la biblioth\u00e8que d&rsquo;Aigaliers<\/strong><\/p>\n<p>Dans le cadre de son programme de Partage de Savoirs, l&rsquo;Aphyllanthe vous propose un <strong>atelier \u00ab\u00a0Savoir lire aux enfants\u00a0\u00bb<\/strong>.<!--more--> Comment poser sa voix sur un texte, comment captiver l&rsquo;attention d&rsquo;un groupe d&rsquo;enfants, trouver les bonnes intonations, se pr\u00e9parer en amont, bien choisir son histoire. <\/p>\n<p><img loading=\"lazy\" decoding=\"async\" src=\"https:\/\/www.aphyllanthe.fr\/association\/wp-content\/uploads\/2019\/03\/portrait-patricia.png\" alt=\"\" width=\"154\" height=\"204\" class=\"alignleft size-full wp-image-9373\" \/>L&rsquo;atelier sera anim\u00e9 par Patricia Matisson, animatrice th\u00e9\u00e2tre, et aura lieu le mardi 9 avril \u00e0 partir de 17h \u00e0 la biblioth\u00e8que d&rsquo;Aigaliers. <\/p>\n<p>Cet atelier permettra aux participants de s&rsquo;inscrire au groupe de b\u00e9n\u00e9voles conteuses qui vont lire chaque mois aux enfants de l&rsquo;\u00e9cole maternelle des livres choisis \u00e0 la biblioth\u00e8que.<\/p>\n<p><img loading=\"lazy\" decoding=\"async\" src=\"https:\/\/www.aphyllanthe.fr\/association\/wp-content\/uploads\/2019\/03\/lecture-conte-300x225.jpg\" alt=\"\" width=\"300\" height=\"225\" class=\"alignright size-medium wp-image-9370\" srcset=\"https:\/\/www.aphyllanthe.fr\/association\/wp-content\/uploads\/2019\/03\/lecture-conte-300x225.jpg 300w, https:\/\/www.aphyllanthe.fr\/association\/wp-content\/uploads\/2019\/03\/lecture-conte-768x576.jpg 768w, https:\/\/www.aphyllanthe.fr\/association\/wp-content\/uploads\/2019\/03\/lecture-conte-1024x768.jpg 1024w, https:\/\/www.aphyllanthe.fr\/association\/wp-content\/uploads\/2019\/03\/lecture-conte-600x450.jpg 600w, https:\/\/www.aphyllanthe.fr\/association\/wp-content\/uploads\/2019\/03\/lecture-conte.jpg 1214w\" sizes=\"auto, (max-width: 300px) 100vw, 300px\" \/><\/p>\n<div style=\"clear:left;\"><\/div>\n<p><em><strong>Lieu :<\/strong><\/em> la biblioth\u00e8que d&rsquo;Aigaliers (L&rsquo;Ancien Presbyt\u00e8re, Route St\u00e9phane Hessel)<br \/>\n<em><strong>Heure :<\/strong><\/em> D\u00e9but \u00e0 17h ; dur\u00e9e : environ 1h30\/2h00.<br \/>\n<em><strong>Tarif :<\/strong><\/em> Gratuit<br \/>\n<em><strong>Renseignements et Inscriptions :<\/strong><\/em> Inscription obligatoire, nombre de places limit\u00e9. <a href=\"http:\/\/www.aphyllanthe.fr\/association\/accueil\/\">(Nos coordonn\u00e9es.)<\/a><\/p>\n","protected":false},"excerpt":{"rendered":"<p>Atelier le 9 avril, 17h, \u00e0 la biblioth\u00e8que d&rsquo;Aigaliers Dans le cadre de son programme de Partage de Savoirs, l&rsquo;Aphyllanthe vous propose un atelier \u00ab\u00a0Savoir lire aux enfants\u00a0\u00bb.<\/p>\n","protected":false},"author":1,"featured_media":9370,"comment_status":"closed","ping_status":"closed","sticky":false,"template":"","format":"standard","meta":{"footnotes":""},"categories":[4,118],"tags":[],"class_list":["post-9363","post","type-post","status-publish","format-standard","has-post-thumbnail","hentry","category-annonce","category-partage-de-savoirs"],"_links":{"self":[{"href":"https:\/\/www.aphyllanthe.fr\/association\/wp-json\/wp\/v2\/posts\/9363","targetHints":{"allow":["GET"]}}],"collection":[{"href":"https:\/\/www.aphyllanthe.fr\/association\/wp-json\/wp\/v2\/posts"}],"about":[{"href":"https:\/\/www.aphyllanthe.fr\/association\/wp-json\/wp\/v2\/types\/post"}],"author":[{"embeddable":true,"href":"https:\/\/www.aphyllanthe.fr\/association\/wp-json\/wp\/v2\/users\/1"}],"replies":[{"embeddable":true,"href":"https:\/\/www.aphyllanthe.fr\/association\/wp-json\/wp\/v2\/comments?post=9363"}],"version-history":[{"count":0,"href":"https:\/\/www.aphyllanthe.fr\/association\/wp-json\/wp\/v2\/posts\/9363\/revisions"}],"wp:featuredmedia":[{"embeddable":true,"href":"https:\/\/www.aphyllanthe.fr\/association\/wp-json\/wp\/v2\/media\/9370"}],"wp:attachment":[{"href":"https:\/\/www.aphyllanthe.fr\/association\/wp-json\/wp\/v2\/media?parent=9363"}],"wp:term":[{"taxonomy":"category","embeddable":true,"href":"https:\/\/www.aphyllanthe.fr\/association\/wp-json\/wp\/v2\/categories?post=9363"},{"taxonomy":"post_tag","embeddable":true,"href":"https:\/\/www.aphyllanthe.fr\/association\/wp-json\/wp\/v2\/tags?post=9363"}],"curies":[{"name":"wp","href":"https:\/\/api.w.org\/{rel}","templated":true}]}}