{"id":9431,"date":"2019-04-03T20:42:03","date_gmt":"2019-04-03T19:42:03","guid":{"rendered":"https:\/\/www.aphyllanthe.fr\/association\/?p=9431"},"modified":"2019-04-24T09:14:32","modified_gmt":"2019-04-24T08:14:32","slug":"programme-du-mois-davril","status":"publish","type":"post","link":"https:\/\/www.aphyllanthe.fr\/association\/programme-du-mois-davril\/","title":{"rendered":"Programme du mois d&rsquo;avril"},"content":{"rendered":"<p>Voici le programme du mois d&rsquo;avril 2019 de l&rsquo;Association. Pour participer \u00e0 une activit\u00e9, merci de vous inscrire aupr\u00e8s du secr\u00e9tariat de l&rsquo;Association (04 66 22 10 20) aux heures d&rsquo;ouverture. Attention : Nombre de places limit\u00e9 et inscription obligatoire pour la plupart des activit\u00e9s.<\/p>\n<div id=\"accordion-1\" class=\"accordion no-js\">\n\t\t\t\t\t<h6 role=\"button\" id=\"accordion-1-t1\" class=\"accordion-title js-accordion-controller\" aria-controls=\"accordion-1-c1\" aria-expanded=\"false\" tabindex=\"0\" data-initialstate=\"closed\">\n\t\t\t\tLe programme d'avril\t\t\t<\/h6>\n\t\t\n\t\t<div id=\"accordion-1-c1\" class=\"accordion-content\" aria-hidden=\"true\">\n\t\t\t<\/p>\n<table class=\"progdumois\">\n<thead>\n<tr style=\"background: #099ae8; color: white;\">\n<th>Date et heure<\/th>\n<th>Activit\u00e9<\/th>\n<\/tr>\n<\/thead>\n<tbody>\n<tr>\n<td>1er avril &#8211; 14h30-17h<br \/>\nBiblioth\u00e8que d&rsquo;Aigaliers<\/td>\n<td><strong>Cercle des lectrices.<\/strong> pour plus de renseignements contacter le 04 66 22 10 20.<\/td>\n<\/tr>\n<tr style=\"background: #e8e8e8;\">\n<td>6 avril &#8211; \u00e0  partir de 8h30<br \/>\nCommune d&rsquo;Aigaliers<\/td>\n<td><strong>Nettoyons la Garrigue<\/strong>, inscription conseill\u00e9e (contacter 04 6622 1020).<br \/>\nRDV au parking de la mairie d&rsquo;Aigaliers<\/td>\n<\/tr>\n<tr>\n<td>6 avril 14h-17h<br \/>\nBiblioth\u00e8que d&rsquo;Aigaliers<\/td>\n<td><strong>Atelier partage de savoirs \u00ab\u00a0Stage de Patchwork\u00a0\u00bb anim\u00e9 par Claire<\/strong>, entr\u00e9e gratuite, inscription obligatoire (contacter 04 66 22 10 20). <\/td>\n<\/tr>\n<tr style=\"background: #e8e8e8;\">\n<td>9 avril &#8211; 17h-19h<br \/>\nBiblioth\u00e8que d&rsquo;Aigaliers<\/td>\n<td><strong>Atelier partage de savoirs \u00ab\u00a0Savoir lire aux enfants\u00a0\u00bb anim\u00e9 par Patricia Matisson<\/strong>, atelier gratuit, inscription obligatoire (contacter 04 66 22 10 20).<a href=\"https:\/\/www.aphyllanthe.fr\/association\/atelier-savoir-lire-aux-enfants\/\">D\u00e9tails i\u00e7i<\/a><\/td>\n<\/tr>\n<tr>\n<td>13 avril &#8211; 9h-12h<br \/>\nBiblioth\u00e8que d&rsquo;Aigaliers<\/td>\n<td><strong>Atelier partage de savoirs \u00ab\u00a0D\u00e9coration de tables pour P\u00e2ques\u00a0\u00bb<\/strong><br \/>\natelier gratuit, inscription obligatoire (contacter 04 6622 1020).<a href=\"https:\/\/www.aphyllanthe.fr\/association\/atelier-decoration-de-table-pour-paques\/\">D\u00e9tails i\u00e7i<\/a><\/td>\n<\/tr>\n<tr style=\"background: #e8e8e8;\">\n<td>13 avril &#8211; 14h-17h00<br \/>\nBiblioth\u00e8que d&rsquo;Aigaliers<\/td>\n<td><strong>Atelier partage savoirs \u00ab\u00a0Stage de peinture sur porcelaine\u00a0\u00bb anim\u00e9 par Claire Lasserre<\/strong><br \/>\natelier gratuit, inscription obligatoire (contacter 04 66 22 10 20).<a href=\"https:\/\/www.aphyllanthe.fr\/association\/stage-de-peinture-sur-porcelaine\/\">D\u00e9tails i\u00e7i<\/a><\/td>\n<\/tr>\n<tr>\n<td>13 avril &#8211; 15h-18h<br \/>\nJardin du Mas des Tilleuls, Gattigues<\/td>\n<td><strong>Chasse aux \u0153ufs en partenariat avec l&rsquo;APE<\/strong><br \/>\n<a href=\"https:\/\/www.aphyllanthe.fr\/association\/la-chasse-aux-oeufs-de-paques\/\">Inscription obligatoire, Voir les conditions.<\/a><\/td>\n<\/tr>\n<tr style=\"background: #e8e8e8;\">\n<td>14 avril &#8211; 15h<br \/>\n\u00e0 Villeveyrac<\/td>\n<td><strong>Visite guid\u00e9e de l&rsquo;Abbaye de Valmagne<\/strong>. sortie payante, inscription obligatoire (contacter 04 66 22 10 20).<a href=https:\/\/www.aphyllanthe.fr\/association\/sortie-a-labbaye-de-valmagne-a-villeveyrac\/\">D\u00e9tails i\u00e7i<\/a><\/td>\n<\/tr>\n<tr>\n<td>15 avril &#8211; 18h30<br \/>\nMairie d&rsquo;Uz\u00e8s, Salle Andr\u00e9 Malraux<\/td>\n<td><strong>Conf\u00e9rence \u00ab\u00a0S\u00e9curit\u00e9 informatique et recueil de donn\u00e9es personnelles : cons\u00e9quences sur la vie personnelle et publique\u00a0\u00bb anim\u00e9e par G\u00e9rard Berry.<\/strong> Conf\u00e9rence gratuite sans inscription. Pour plus de renseignements contacter le 04 66 22 10 20.<a href=\"https:\/\/www.aphyllanthe.fr\/association\/securite-informatique-et-recueil-des-donnees-personnelles\/\">D\u00e9tails i\u00e7i<\/a><\/td>\n<\/tr>\n<tr style=\"background: #e8e8e8;\">\n<td>20 avril &#8211; 10h-12h30<br \/>\nBiblioth\u00e8que d&rsquo;Aigaliers<\/td>\n<td><strong>Stage de poterie avec Marie<\/strong>, stage payant, inscription obligatoire (contacter 04 66 22 10 20).<\/td>\n<\/tr>\n<\/tbody>\n<\/table>\n<p>\t\t<\/div>\n\n\t\t<\/div>\n<div id=\"accordion-2\" class=\"accordion no-js\">\n\t\t\t\t\t<h6 role=\"button\" id=\"accordion-2-t1\" class=\"accordion-title js-accordion-controller\" aria-controls=\"accordion-2-c1\" aria-expanded=\"false\" tabindex=\"0\" data-initialstate=\"closed\">\n\t\t\t\t Et notre programme d'activit\u00e9s hebdos aussi\t\t\t<\/h6>\n\t\t\n\t\t<div id=\"accordion-2-c1\" class=\"accordion-content\" aria-hidden=\"true\">\n\t\t\t<\/p>\n<table class=\"progdumois\">\n<thead>\n<tr style=\"background: #099ae8; color: white;\">\n<th>Jour<\/th>\n<th>Heure<\/th>\n<th>Activite<\/th>\n<th>Lieu<\/th>\n<\/tr>\n<\/thead>\n<tbody>\n<tr>\n<td>lundi<\/td>\n<td>11h<\/td>\n<td>Gym douce avec Dominique<\/td>\n<td>Foyer Foissac<\/td>\n<\/tr>\n<tr style=\"background: #e8e8e8;\">\n<td>lundi<\/td>\n<td>14h30<\/td>\n<td>Atelier couture avec Nicole<\/td>\n<td>Biblioth\u00e8que<\/td>\n<\/tr>\n<tr>\n<td>mercredi<\/td>\n<td>14h<\/td>\n<td>Atelier th\u00e9\u00e2tre ados avec Patricia<\/td>\n<td>Foyer Serviers<\/td>\n<\/tr>\n<tr style=\"background: #e8e8e8;\">\n<td>mercredi<\/td>\n<td>17h<\/td>\n<td>Poterie avec Marie Ducatel<\/td>\n<td>Biblioth\u00e8que<\/td>\n<\/tr>\n<tr>\n<td>mercredi<\/td>\n<td>18h<\/td>\n<td>Gym douce avec Dominique<\/td>\n<td>Foyer Baron<\/td>\n<\/tr>\n<tr style=\"background: #e8e8e8;\">\n<td>mercredi<\/td>\n<td>19h<\/td>\n<td>Gym d&rsquo;entretien avec Dominique<\/td>\n<td>Foyer Baron<\/td>\n<\/tr>\n<tr>\n<td>jeudi<\/td>\n<td>11h<\/td>\n<td>Gym douce avec Dominique<\/td>\n<td>Foyer Foissac<\/td>\n<\/tr>\n<tr style=\"background: #e8e8e8;\">\n<td>jeudi<\/td>\n<td>14h<\/td>\n<td>Tricot-th\u00e9 avec C\u00e9line et Claire<\/td>\n<td>Biblioth\u00e8que<\/td>\n<\/tr>\n<tr>\n<td>jeudi<\/td>\n<td>17h30<\/td>\n<td>Arts plastiques avec Marie Schenck<\/td>\n<td>Biblioth\u00e8que<\/td>\n<\/tr>\n<tr style=\"background: #e8e8e8;\">\n<td>vendredi<\/td>\n<td>13h<\/td>\n<td>Randonn\u00e9e avec Yves, Jean-Claude, Jean-Luc et Jim<\/td>\n<td>D\u00e9part parking de la mairie d&rsquo;Aigaliers<\/td>\n<\/tr>\n<\/tbody>\n<\/table>\n<p>\t\t<\/div>\n\n\t\t<\/div>\n","protected":false},"excerpt":{"rendered":"<p>Voici le programme du mois d&rsquo;avril 2019 de l&rsquo;Association. Pour participer \u00e0 une activit\u00e9, merci de vous inscrire aupr\u00e8s du secr\u00e9tariat de l&rsquo;Association (04 66 22 10 20) aux heures d&rsquo;ouverture. Attention : Nombre de places limit\u00e9 et inscription obligatoire pour la plupart des activit\u00e9s.<\/p>\n","protected":false},"author":1,"featured_media":9563,"comment_status":"closed","ping_status":"closed","sticky":false,"template":"","format":"standard","meta":{"footnotes":""},"categories":[4],"tags":[],"class_list":["post-9431","post","type-post","status-publish","format-standard","has-post-thumbnail","hentry","category-annonce"],"_links":{"self":[{"href":"https:\/\/www.aphyllanthe.fr\/association\/wp-json\/wp\/v2\/posts\/9431","targetHints":{"allow":["GET"]}}],"collection":[{"href":"https:\/\/www.aphyllanthe.fr\/association\/wp-json\/wp\/v2\/posts"}],"about":[{"href":"https:\/\/www.aphyllanthe.fr\/association\/wp-json\/wp\/v2\/types\/post"}],"author":[{"embeddable":true,"href":"https:\/\/www.aphyllanthe.fr\/association\/wp-json\/wp\/v2\/users\/1"}],"replies":[{"embeddable":true,"href":"https:\/\/www.aphyllanthe.fr\/association\/wp-json\/wp\/v2\/comments?post=9431"}],"version-history":[{"count":0,"href":"https:\/\/www.aphyllanthe.fr\/association\/wp-json\/wp\/v2\/posts\/9431\/revisions"}],"wp:featuredmedia":[{"embeddable":true,"href":"https:\/\/www.aphyllanthe.fr\/association\/wp-json\/wp\/v2\/media\/9563"}],"wp:attachment":[{"href":"https:\/\/www.aphyllanthe.fr\/association\/wp-json\/wp\/v2\/media?parent=9431"}],"wp:term":[{"taxonomy":"category","embeddable":true,"href":"https:\/\/www.aphyllanthe.fr\/association\/wp-json\/wp\/v2\/categories?post=9431"},{"taxonomy":"post_tag","embeddable":true,"href":"https:\/\/www.aphyllanthe.fr\/association\/wp-json\/wp\/v2\/tags?post=9431"}],"curies":[{"name":"wp","href":"https:\/\/api.w.org\/{rel}","templated":true}]}}