{"id":9595,"date":"2019-04-24T09:10:25","date_gmt":"2019-04-24T08:10:25","guid":{"rendered":"https:\/\/www.aphyllanthe.fr\/association\/?p=9595"},"modified":"2019-06-25T12:34:17","modified_gmt":"2019-06-25T11:34:17","slug":"une-visite-guidee-appreciee-de-labbaye-de-valmagne","status":"publish","type":"post","link":"https:\/\/www.aphyllanthe.fr\/association\/une-visite-guidee-appreciee-de-labbaye-de-valmagne\/","title":{"rendered":"Une visite guid\u00e9e appr\u00e9ci\u00e9e de l&rsquo;Abbaye de Valmagne"},"content":{"rendered":"<p><figure id=\"attachment_9612\" aria-describedby=\"caption-attachment-9612\" style=\"width: 300px\" class=\"wp-caption alignleft\"><img loading=\"lazy\" decoding=\"async\" src=\"https:\/\/www.aphyllanthe.fr\/association\/wp-content\/uploads\/2019\/04\/Abbaye-de-Valmagne-avril-2019-300x169.jpg\" alt=\"Abbaye de Valmagne avril 2019\" width=\"300\" height=\"169\" class=\"size-medium wp-image-9612\" srcset=\"https:\/\/www.aphyllanthe.fr\/association\/wp-content\/uploads\/2019\/04\/Abbaye-de-Valmagne-avril-2019-300x169.jpg 300w, https:\/\/www.aphyllanthe.fr\/association\/wp-content\/uploads\/2019\/04\/Abbaye-de-Valmagne-avril-2019-600x338.jpg 600w, https:\/\/www.aphyllanthe.fr\/association\/wp-content\/uploads\/2019\/04\/Abbaye-de-Valmagne-avril-2019.jpg 666w\" sizes=\"auto, (max-width: 300px) 100vw, 300px\" \/><figcaption id=\"caption-attachment-9612\" class=\"wp-caption-text\">Abbaye de Valmagne avril 2019<\/figcaption><\/figure><br \/>\nL\u2019abbaye de Valmagne proche de Villeveyrac fut fond\u00e9e en 1138. Entre prosp\u00e9rit\u00e9 et d\u00e9cadence elle a surv\u00e9cu \u00e0 sa p\u00e9rilleuse travers\u00e9e des si\u00e8cles gr\u00e2ce \u00e0 la vigne, h\u00e9ritage des premiers moines b\u00e2tisseurs et vignerons.<!--more--><\/p>\n<p>Le 14 avril dernier vingt Aphyllanthaises et Aphyllanthais ont d\u00e9couvert l\u2019abbaye cistercienne et sa longue histoire sous un soleil printanier que Lydie avait aussi r\u00e9serv\u00e9 pour leur plus grand plaisir.<\/p>\n<p>Nous avons bien \u00e9cout\u00e9 regard\u00e9 et admir\u00e9 le clo\u00eetre et le lavabo \u00e0 l\u2019\u00e9l\u00e9gante fontaine, mais nous regretterons cependant que les \u00e9chafaudages dress\u00e9s le long de la nef nous aient masqu\u00e9 en partie la beaut\u00e9 et l\u2019harmonie s\u00e9v\u00e8re de la \u00ab cath\u00e9drale de pierre \u00bb.<\/p>\n","protected":false},"excerpt":{"rendered":"<p>L\u2019abbaye de Valmagne proche de Villeveyrac fut fond\u00e9e en 1138. Entre prosp\u00e9rit\u00e9 et d\u00e9cadence elle a surv\u00e9cu \u00e0 sa p\u00e9rilleuse travers\u00e9e des si\u00e8cles gr\u00e2ce \u00e0 la vigne, h\u00e9ritage des premiers moines b\u00e2tisseurs et vignerons.<\/p>\n","protected":false},"author":1,"featured_media":9612,"comment_status":"closed","ping_status":"closed","sticky":false,"template":"","format":"standard","meta":{"footnotes":""},"categories":[3,113],"tags":[],"class_list":["post-9595","post","type-post","status-publish","format-standard","has-post-thumbnail","hentry","category-reportage","category-sorties-patrimoine"],"_links":{"self":[{"href":"https:\/\/www.aphyllanthe.fr\/association\/wp-json\/wp\/v2\/posts\/9595","targetHints":{"allow":["GET"]}}],"collection":[{"href":"https:\/\/www.aphyllanthe.fr\/association\/wp-json\/wp\/v2\/posts"}],"about":[{"href":"https:\/\/www.aphyllanthe.fr\/association\/wp-json\/wp\/v2\/types\/post"}],"author":[{"embeddable":true,"href":"https:\/\/www.aphyllanthe.fr\/association\/wp-json\/wp\/v2\/users\/1"}],"replies":[{"embeddable":true,"href":"https:\/\/www.aphyllanthe.fr\/association\/wp-json\/wp\/v2\/comments?post=9595"}],"version-history":[{"count":0,"href":"https:\/\/www.aphyllanthe.fr\/association\/wp-json\/wp\/v2\/posts\/9595\/revisions"}],"wp:featuredmedia":[{"embeddable":true,"href":"https:\/\/www.aphyllanthe.fr\/association\/wp-json\/wp\/v2\/media\/9612"}],"wp:attachment":[{"href":"https:\/\/www.aphyllanthe.fr\/association\/wp-json\/wp\/v2\/media?parent=9595"}],"wp:term":[{"taxonomy":"category","embeddable":true,"href":"https:\/\/www.aphyllanthe.fr\/association\/wp-json\/wp\/v2\/categories?post=9595"},{"taxonomy":"post_tag","embeddable":true,"href":"https:\/\/www.aphyllanthe.fr\/association\/wp-json\/wp\/v2\/tags?post=9595"}],"curies":[{"name":"wp","href":"https:\/\/api.w.org\/{rel}","templated":true}]}}