{"id":9703,"date":"2019-05-25T20:55:44","date_gmt":"2019-05-25T19:55:44","guid":{"rendered":"https:\/\/www.aphyllanthe.fr\/association\/?p=9703"},"modified":"2019-06-09T20:31:20","modified_gmt":"2019-06-09T19:31:20","slug":"representation-atelier-theatre-ado-dimanche-9-juin-2019","status":"publish","type":"post","link":"https:\/\/www.aphyllanthe.fr\/association\/representation-atelier-theatre-ado-dimanche-9-juin-2019\/","title":{"rendered":"Repr\u00e9sentation atelier th\u00e9\u00e2tre ado dimanche 9 juin 2019"},"content":{"rendered":"<p><figure id=\"attachment_9705\" aria-describedby=\"caption-attachment-9705\" style=\"width: 214px\" class=\"wp-caption alignleft\"><a href=\"https:\/\/www.aphyllanthe.fr\/association\/wp-content\/uploads\/2019\/05\/Affiche-th\u00e9\u00e2tre.png\"><img loading=\"lazy\" decoding=\"async\" src=\"https:\/\/www.aphyllanthe.fr\/association\/wp-content\/uploads\/2019\/05\/Affiche-th\u00e9\u00e2tre-214x300.png\" alt=\"Affiche th\u00e9\u00e2tre\" width=\"214\" height=\"300\" class=\"size-medium wp-image-9705\" srcset=\"https:\/\/www.aphyllanthe.fr\/association\/wp-content\/uploads\/2019\/05\/Affiche-th\u00e9\u00e2tre-214x300.png 214w, https:\/\/www.aphyllanthe.fr\/association\/wp-content\/uploads\/2019\/05\/Affiche-th\u00e9\u00e2tre.png 422w\" sizes=\"auto, (max-width: 214px) 100vw, 214px\" \/><\/a><figcaption id=\"caption-attachment-9705\" class=\"wp-caption-text\">Conversation-Sinfonietta<\/figcaption><\/figure>L&rsquo;atelier th\u00e9\u00e2tre ado anim\u00e9 par Patricia Matisson vous invite \u00e0 sa repr\u00e9sentation de fin d&rsquo;ann\u00e9e le <strong>dimanche 9 juin \u00e0 15h30<\/strong> <strong>au foyer de Serviers<\/strong>.<\/p>\n<p>Il s&rsquo;agit de <strong>Conversation-Sinfonietta<\/strong>, une pi\u00e8ce de Jean Tardieu qui sera interpr\u00e9t\u00e9e par Charlotte, Falone, Ilana, M\u00e9lina, No\u00e9line et Odeline.<br \/>\nL&rsquo;entr\u00e9e est libre et sans r\u00e9servation. Un pot de fin d&rsquo;ann\u00e9e vous sera propos\u00e9 \u00e0 l&rsquo;issue de la repr\u00e9sentation. Nous vous attendons nombreux pour admirer le travail de nos jeunes artistes en herbe.<\/p>\n","protected":false},"excerpt":{"rendered":"<p>L&rsquo;atelier th\u00e9\u00e2tre ado anim\u00e9 par Patricia Matisson vous invite \u00e0 sa repr\u00e9sentation de fin d&rsquo;ann\u00e9e le dimanche 9 juin \u00e0 15h30 au foyer de Serviers. Il s&rsquo;agit de Conversation-Sinfonietta, une pi\u00e8ce de Jean Tardieu qui sera interpr\u00e9t\u00e9e par Charlotte, Falone, Ilana, M\u00e9lina, No\u00e9line et Odeline. L&rsquo;entr\u00e9e est libre et sans r\u00e9servation. Un pot de fin &hellip; <a href=\"https:\/\/www.aphyllanthe.fr\/association\/representation-atelier-theatre-ado-dimanche-9-juin-2019\/\" class=\"more-link\">Continuer la lecture de <span class=\"screen-reader-text\">Repr\u00e9sentation atelier th\u00e9\u00e2tre ado dimanche 9 juin 2019<\/span>  <span class=\"meta-nav\">&rarr;<\/span><\/a><\/p>\n","protected":false},"author":1,"featured_media":0,"comment_status":"closed","ping_status":"closed","sticky":false,"template":"","format":"standard","meta":{"footnotes":""},"categories":[4],"tags":[],"class_list":["post-9703","post","type-post","status-publish","format-standard","hentry","category-annonce"],"_links":{"self":[{"href":"https:\/\/www.aphyllanthe.fr\/association\/wp-json\/wp\/v2\/posts\/9703","targetHints":{"allow":["GET"]}}],"collection":[{"href":"https:\/\/www.aphyllanthe.fr\/association\/wp-json\/wp\/v2\/posts"}],"about":[{"href":"https:\/\/www.aphyllanthe.fr\/association\/wp-json\/wp\/v2\/types\/post"}],"author":[{"embeddable":true,"href":"https:\/\/www.aphyllanthe.fr\/association\/wp-json\/wp\/v2\/users\/1"}],"replies":[{"embeddable":true,"href":"https:\/\/www.aphyllanthe.fr\/association\/wp-json\/wp\/v2\/comments?post=9703"}],"version-history":[{"count":0,"href":"https:\/\/www.aphyllanthe.fr\/association\/wp-json\/wp\/v2\/posts\/9703\/revisions"}],"wp:attachment":[{"href":"https:\/\/www.aphyllanthe.fr\/association\/wp-json\/wp\/v2\/media?parent=9703"}],"wp:term":[{"taxonomy":"category","embeddable":true,"href":"https:\/\/www.aphyllanthe.fr\/association\/wp-json\/wp\/v2\/categories?post=9703"},{"taxonomy":"post_tag","embeddable":true,"href":"https:\/\/www.aphyllanthe.fr\/association\/wp-json\/wp\/v2\/tags?post=9703"}],"curies":[{"name":"wp","href":"https:\/\/api.w.org\/{rel}","templated":true}]}}