{"id":9708,"date":"2019-06-04T20:55:14","date_gmt":"2019-06-04T19:55:14","guid":{"rendered":"https:\/\/www.aphyllanthe.fr\/association\/?p=9708"},"modified":"2019-06-25T12:26:33","modified_gmt":"2019-06-25T11:26:33","slug":"sortie-a-la-foret-fossile-de-champclauson-le-15-juin-2019","status":"publish","type":"post","link":"https:\/\/www.aphyllanthe.fr\/association\/sortie-a-la-foret-fossile-de-champclauson-le-15-juin-2019\/","title":{"rendered":"Sortie \u00e0 la for\u00eat fossile de Champclauson le 16 juin 2019"},"content":{"rendered":"<p><figure id=\"attachment_9717\" aria-describedby=\"caption-attachment-9717\" style=\"width: 300px\" class=\"wp-caption alignright\"><img loading=\"lazy\" decoding=\"async\" src=\"https:\/\/www.aphyllanthe.fr\/association\/wp-content\/uploads\/2019\/05\/foret-fossile-affiche-300x221.jpg\" alt=\"For\u00eat fossile Champclauson\" width=\"300\" height=\"221\" class=\"size-medium wp-image-9717\" srcset=\"https:\/\/www.aphyllanthe.fr\/association\/wp-content\/uploads\/2019\/05\/foret-fossile-affiche-300x221.jpg 300w, https:\/\/www.aphyllanthe.fr\/association\/wp-content\/uploads\/2019\/05\/foret-fossile-affiche.jpg 583w\" sizes=\"auto, (max-width: 300px) 100vw, 300px\" \/><figcaption id=\"caption-attachment-9717\" class=\"wp-caption-text\">For\u00eat fossile Champclauson<\/figcaption><\/figure>L&rsquo;Association vous propose une sortie ludique et p\u00e9dagogique le dimanche 16 juin : <strong><em>Visite de la for\u00eat fossile de Champclauson<\/em><\/strong>. <!--more--><\/p>\n<p>Au programme : une exposition de v\u00e9g\u00e9taux fossilis\u00e9s et la reconstitutions d&rsquo;animaux du carbonif\u00e8re et de dinosaures, une balade en petit train vers la for\u00eat p\u00e9trifi\u00e9e et la d\u00e9couverte d&rsquo;un squelette de dinosaure pour les enfants.<\/p>\n<h4>Conditions<\/h4>\n<p><em><strong>Date :<\/strong><\/em> Dimanche 16 juin<br \/>\n<em><strong>Heure :<\/strong><\/em> rdv \u00e0 13h45<br \/>\n<em><strong>Lieu : <\/strong><\/em> \u00e0 l&rsquo;entr\u00e9e du site (la Grand Combe). <a href=\"https:\/\/www.google.com\/maps\/place\/La+For%C3%AAt+de+Fossiles+site+naturel+class%C3%A9+3+%C3%A9toiles+%C3%A0+l'inventaire+national+du+patrimoine+g%C3%A9ologique\/@44.242287,4.0207979,17z\/data=!3m1!4b1!4m5!3m4!1s0x12b466da0a074229:0xc2ad5cc51c989e67!8m2!3d44.242287!4d4.0229866\">Comment s&rsquo;y rendre<\/a><br \/>\n<em><strong>Tarifs :<\/strong><\/em> adh\u00e9rent 4,50 \u20ac, non-adh\u00e9rent 5,50 \u20ac<\/p>\n<p><figure id=\"attachment_9718\" aria-describedby=\"caption-attachment-9718\" style=\"width: 300px\" class=\"wp-caption alignleft\"><img loading=\"lazy\" decoding=\"async\" src=\"https:\/\/www.aphyllanthe.fr\/association\/wp-content\/uploads\/2019\/05\/foret-fossile-foug\u00e8res-300x211.jpg\" alt=\"For\u00eat fossile Champclauson - foug\u00e8re\" width=\"300\" height=\"211\" class=\"size-medium wp-image-9718\" srcset=\"https:\/\/www.aphyllanthe.fr\/association\/wp-content\/uploads\/2019\/05\/foret-fossile-foug\u00e8res-300x211.jpg 300w, https:\/\/www.aphyllanthe.fr\/association\/wp-content\/uploads\/2019\/05\/foret-fossile-foug\u00e8res.jpg 650w\" sizes=\"auto, (max-width: 300px) 100vw, 300px\" \/><figcaption id=\"caption-attachment-9718\" class=\"wp-caption-text\">For\u00eat fossile Champclauson &#8211; foug\u00e8re<\/figcaption><\/figure><em><strong>R\u00e9servation obligatoire :<\/strong><\/em> R\u00e8glement exig\u00e9 pour confirmer la r\u00e9servation de la sortie. Il ne sera pas possible de payer sur place. Si vous ne pouvez pas passer \u00e0 la biblioth\u00e8que lors des heures d&rsquo;ouverture, vous pouvez laisser votre ch\u00e8que dans notre bo\u00eete aux lettres. <a href=\"http:\/\/www.aphyllanthe.fr\/association\/accueil\/\">(Nos coordonn\u00e9es.)<\/a><\/p>\n<p><em><strong>Renseignements :<\/strong><\/em> Association l&rsquo;Aphyllanthe &#8211; 04.66.22.10.20 &#8211; aphyllanthe@orange.fr<\/p>\n","protected":false},"excerpt":{"rendered":"<p>L&rsquo;Association vous propose une sortie ludique et p\u00e9dagogique le dimanche 16 juin : Visite de la for\u00eat fossile de Champclauson.<\/p>\n","protected":false},"author":1,"featured_media":9718,"comment_status":"closed","ping_status":"closed","sticky":false,"template":"","format":"standard","meta":{"footnotes":""},"categories":[4],"tags":[],"class_list":["post-9708","post","type-post","status-publish","format-standard","has-post-thumbnail","hentry","category-annonce"],"_links":{"self":[{"href":"https:\/\/www.aphyllanthe.fr\/association\/wp-json\/wp\/v2\/posts\/9708","targetHints":{"allow":["GET"]}}],"collection":[{"href":"https:\/\/www.aphyllanthe.fr\/association\/wp-json\/wp\/v2\/posts"}],"about":[{"href":"https:\/\/www.aphyllanthe.fr\/association\/wp-json\/wp\/v2\/types\/post"}],"author":[{"embeddable":true,"href":"https:\/\/www.aphyllanthe.fr\/association\/wp-json\/wp\/v2\/users\/1"}],"replies":[{"embeddable":true,"href":"https:\/\/www.aphyllanthe.fr\/association\/wp-json\/wp\/v2\/comments?post=9708"}],"version-history":[{"count":0,"href":"https:\/\/www.aphyllanthe.fr\/association\/wp-json\/wp\/v2\/posts\/9708\/revisions"}],"wp:featuredmedia":[{"embeddable":true,"href":"https:\/\/www.aphyllanthe.fr\/association\/wp-json\/wp\/v2\/media\/9718"}],"wp:attachment":[{"href":"https:\/\/www.aphyllanthe.fr\/association\/wp-json\/wp\/v2\/media?parent=9708"}],"wp:term":[{"taxonomy":"category","embeddable":true,"href":"https:\/\/www.aphyllanthe.fr\/association\/wp-json\/wp\/v2\/categories?post=9708"},{"taxonomy":"post_tag","embeddable":true,"href":"https:\/\/www.aphyllanthe.fr\/association\/wp-json\/wp\/v2\/tags?post=9708"}],"curies":[{"name":"wp","href":"https:\/\/api.w.org\/{rel}","templated":true}]}}