{"id":973,"date":"2015-01-29T15:36:32","date_gmt":"2015-01-29T14:36:32","guid":{"rendered":"http:\/\/www.aphyllanthe.fr\/association\/?p=973"},"modified":"2015-02-07T15:14:08","modified_gmt":"2015-02-07T14:14:08","slug":"conference-exceptionnelle","status":"publish","type":"post","link":"https:\/\/www.aphyllanthe.fr\/association\/conference-exceptionnelle\/","title":{"rendered":"Conf\u00e9rence exceptionnelle"},"content":{"rendered":"<figure id=\"attachment_979\" aria-describedby=\"caption-attachment-979\" style=\"width: 167px\" class=\"wp-caption alignleft\"><a href=\"http:\/\/www.aphyllanthe.fr\/association\/wp-content\/uploads\/2015\/01\/gerard-berry-cover-e1422543965126.jpg\"><img loading=\"lazy\" decoding=\"async\" class=\"size-medium wp-image-979\" src=\"http:\/\/www.aphyllanthe.fr\/association\/wp-content\/uploads\/2015\/01\/gerard-berry-cover-e1422543965126-167x300.jpg\" alt=\"G\u00e9rard Berry\" width=\"167\" height=\"300\" srcset=\"https:\/\/www.aphyllanthe.fr\/association\/wp-content\/uploads\/2015\/01\/gerard-berry-cover-e1422543965126-167x300.jpg 167w, https:\/\/www.aphyllanthe.fr\/association\/wp-content\/uploads\/2015\/01\/gerard-berry-cover-e1422543965126.jpg 434w\" sizes=\"auto, (max-width: 167px) 100vw, 167px\" \/><\/a><figcaption id=\"caption-attachment-979\" class=\"wp-caption-text\">G\u00e9rard Berry<\/figcaption><\/figure>\n<p><strong>Science et Conscience chez les Shadoks. <\/strong><br \/>\nL&rsquo;Aphyllanthe est heureuse d&rsquo;avoir pu accueillir M. G\u00e9rard Berry, professeur au Coll\u00e8ge de France, pour une conf\u00e9rence exceptionnelle, le 17 janvier 2015 \u00e0 20h30 dans la salle Andr\u00e9 Meynier d&rsquo;Aigaliers. G\u00e9rard Berry est \u00e9galement r\u00e9cipiendaire de la m\u00e9daille d\u2019or 2014 du CNRS, la distinction scientifique la plus prestigieuse accord\u00e9e en France.<\/p>\n<div style=\"clear: right;\"><\/div>\n<figure id=\"attachment_980\" aria-describedby=\"caption-attachment-980\" style=\"width: 174px\" class=\"wp-caption alignright\"><a href=\"http:\/\/www.aphyllanthe.fr\/association\/wp-content\/uploads\/2015\/01\/shadok.jpeg\"><img loading=\"lazy\" decoding=\"async\" class=\"size-medium wp-image-980\" src=\"http:\/\/www.aphyllanthe.fr\/association\/wp-content\/uploads\/2015\/01\/shadok-174x300.jpeg\" alt=\"le shadok\" width=\"174\" height=\"300\" srcset=\"https:\/\/www.aphyllanthe.fr\/association\/wp-content\/uploads\/2015\/01\/shadok-174x300.jpeg 174w, https:\/\/www.aphyllanthe.fr\/association\/wp-content\/uploads\/2015\/01\/shadok-593x1024.jpeg 593w, https:\/\/www.aphyllanthe.fr\/association\/wp-content\/uploads\/2015\/01\/shadok-600x1036.jpeg 600w, https:\/\/www.aphyllanthe.fr\/association\/wp-content\/uploads\/2015\/01\/shadok.jpeg 674w\" sizes=\"auto, (max-width: 174px) 100vw, 174px\" \/><\/a><figcaption id=\"caption-attachment-980\" class=\"wp-caption-text\">le shadok<\/figcaption><\/figure>\n<blockquote><p>\u00ab\u00a0Le nom des Shadoks est connu de toute la France, mais pas les d\u00e9tails de leur \u00e9trange existence. Apr\u00e8s avoir balay\u00e9 des racontars sur leur naissance et leur pr\u00e9sence dans l\u2019univers, nous \u00e9tudierons les immenses d\u00e9fis qu\u2019ils ont rencontr\u00e9s et comment ils ont d\u00e9velopp\u00e9 des points de vue tr\u00e8s originaux sur des sujets aussi essentiels que les transports, les fa\u00e7ons de parler et de compter, la chute des corps, etc. Nous verrons comment l\u2019imagerie m\u00e9dicale moderne a permis de comprendre le fonctionnement original de leur cerveau qui les a conduit \u00e0 une forme de culture dont nous pouvons tirer beaucoup si nous la regardons de plus pr\u00e8s.\u00a0\u00bb<\/p><\/blockquote>\n<div style=\"clear: both;\"><\/div>\n<figure id=\"attachment_981\" aria-describedby=\"caption-attachment-981\" style=\"width: 300px\" class=\"wp-caption alignleft\"><a href=\"http:\/\/www.aphyllanthe.fr\/association\/wp-content\/uploads\/2015\/01\/shadok1.jpg\"><img loading=\"lazy\" decoding=\"async\" class=\"size-medium wp-image-981\" src=\"http:\/\/www.aphyllanthe.fr\/association\/wp-content\/uploads\/2015\/01\/shadok1-300x188.jpg\" alt=\"shadok\" width=\"300\" height=\"188\" srcset=\"https:\/\/www.aphyllanthe.fr\/association\/wp-content\/uploads\/2015\/01\/shadok1-300x188.jpg 300w, https:\/\/www.aphyllanthe.fr\/association\/wp-content\/uploads\/2015\/01\/shadok1-1024x640.jpg 1024w, https:\/\/www.aphyllanthe.fr\/association\/wp-content\/uploads\/2015\/01\/shadok1-600x375.jpg 600w, https:\/\/www.aphyllanthe.fr\/association\/wp-content\/uploads\/2015\/01\/shadok1.jpg 1728w\" sizes=\"auto, (max-width: 300px) 100vw, 300px\" \/><\/a><figcaption id=\"caption-attachment-981\" class=\"wp-caption-text\">les shadoks<\/figcaption><\/figure>\n<p>Les trente participants \u00e0 la conf\u00e9rence ont pu retrouver leurs souvenirs de l&rsquo;\u00e9poque des Shadoks o\u00f9 ils apparaissaient \u00e0 la t\u00e9l\u00e9vision entre 19h55 et 20h00, mais aussi de comprendre, par les propos du conf\u00e9rencier, plusieurs aspects de cet humour de l&rsquo;absurde qui a alternativement fait rire ou d\u00e9rang\u00e9 les fran\u00e7ais entre 1968 et le milieu des ann\u00e9es 70.<\/p>\n<p>La conf\u00e9rence, gratuite, a \u00e9t\u00e9 suivie d&rsquo;un verre de l&rsquo;amiti\u00e9 offert par l&rsquo;Association.<\/p>\n","protected":false},"excerpt":{"rendered":"<p>Science et Conscience chez les Shadoks. L&rsquo;Aphyllanthe est heureuse d&rsquo;avoir pu accueillir M. G\u00e9rard Berry, professeur au Coll\u00e8ge de France, pour une conf\u00e9rence exceptionnelle, le 17 janvier 2015 \u00e0 20h30 dans la salle Andr\u00e9 Meynier d&rsquo;Aigaliers. G\u00e9rard Berry est \u00e9galement r\u00e9cipiendaire de la m\u00e9daille d\u2019or 2014 du CNRS, la distinction scientifique la plus prestigieuse accord\u00e9e &hellip; <a href=\"https:\/\/www.aphyllanthe.fr\/association\/conference-exceptionnelle\/\" class=\"more-link\">Continuer la lecture de <span class=\"screen-reader-text\">Conf\u00e9rence exceptionnelle<\/span>  <span class=\"meta-nav\">&rarr;<\/span><\/a><\/p>\n","protected":false},"author":1,"featured_media":0,"comment_status":"open","ping_status":"open","sticky":false,"template":"","format":"standard","meta":{"footnotes":""},"categories":[3],"tags":[85],"class_list":["post-973","post","type-post","status-publish","format-standard","hentry","category-reportage","tag-shadok"],"_links":{"self":[{"href":"https:\/\/www.aphyllanthe.fr\/association\/wp-json\/wp\/v2\/posts\/973","targetHints":{"allow":["GET"]}}],"collection":[{"href":"https:\/\/www.aphyllanthe.fr\/association\/wp-json\/wp\/v2\/posts"}],"about":[{"href":"https:\/\/www.aphyllanthe.fr\/association\/wp-json\/wp\/v2\/types\/post"}],"author":[{"embeddable":true,"href":"https:\/\/www.aphyllanthe.fr\/association\/wp-json\/wp\/v2\/users\/1"}],"replies":[{"embeddable":true,"href":"https:\/\/www.aphyllanthe.fr\/association\/wp-json\/wp\/v2\/comments?post=973"}],"version-history":[{"count":0,"href":"https:\/\/www.aphyllanthe.fr\/association\/wp-json\/wp\/v2\/posts\/973\/revisions"}],"wp:attachment":[{"href":"https:\/\/www.aphyllanthe.fr\/association\/wp-json\/wp\/v2\/media?parent=973"}],"wp:term":[{"taxonomy":"category","embeddable":true,"href":"https:\/\/www.aphyllanthe.fr\/association\/wp-json\/wp\/v2\/categories?post=973"},{"taxonomy":"post_tag","embeddable":true,"href":"https:\/\/www.aphyllanthe.fr\/association\/wp-json\/wp\/v2\/tags?post=973"}],"curies":[{"name":"wp","href":"https:\/\/api.w.org\/{rel}","templated":true}]}}